{"id":11607,"date":"2024-07-02T10:20:23","date_gmt":"2024-07-02T10:20:23","guid":{"rendered":"https:\/\/alminutonoticia.com\/noticias\/?p=11607"},"modified":"2024-07-02T10:20:25","modified_gmt":"2024-07-02T10:20:25","slug":"camacho-no-necesito-hacer-show-ni-pertenecer-a-una-bancada-grande","status":"publish","type":"post","link":"https:\/\/alminutonoticia.com\/noticias\/camacho-no-necesito-hacer-show-ni-pertenecer-a-una-bancada-grande\/","title":{"rendered":"Camacho: \u2018No necesito hacer show ni pertenecer a una bancada grande\u2019"},"content":{"rendered":"\n<p>Luis Eduardo Camacho, diputado de Realizando Metas, recalc\u00f3 que llega a la Asamblea Nacional con la l\u00ednea que siempre ha tenido, \u00abservirle a los paname\u00f1os, no necesito hacer show ni pertenecer a una bancada grande\u00bb.<\/p>\n\n\n\n<p>Con respecto a la propuesta de modificar el reglamento interno de la Asamblea Nacional, no se niega a discutirlo, aunque dej\u00f3 claro que no es su prioridad. \u00abDepende que me presenten\u00bb, dijo.<\/p>\n\n\n\n<p>\u00abHe escuchado ridiculeces como que uno tiene que estar metido las ocho horas en el Pleno, le recomiendo a los que hablan estas ridiculeces que vayan al Senado de Estados Unidos cuando se est\u00e1 sesionando\u2026\u00bb, agreg\u00f3.<\/p>\n\n\n\n<p>Para Camacho, lo importante ahora mismo es la creaci\u00f3n de empleos y activaci\u00f3n econ\u00f3mica.<\/p>\n\n\n\n<figure class=\"wp-block-image size-full\"><a href=\"https:\/\/alminutonoticia.com\/noticias\/wp-content\/uploads\/2024\/07\/catre-770x470-1.jpeg\"><img fetchpriority=\"high\" decoding=\"async\" width=\"770\" height=\"470\" src=\"https:\/\/alminutonoticia.com\/noticias\/wp-content\/uploads\/2024\/07\/catre-770x470-1.jpeg\" alt=\"\" class=\"wp-image-11608\" title=\"\" srcset=\"https:\/\/alminutonoticia.com\/noticias\/wp-content\/uploads\/2024\/07\/catre-770x470-1.jpeg 770w, https:\/\/alminutonoticia.com\/noticias\/wp-content\/uploads\/2024\/07\/catre-770x470-1-300x183.jpeg 300w, https:\/\/alminutonoticia.com\/noticias\/wp-content\/uploads\/2024\/07\/catre-770x470-1-768x469.jpeg 768w\" sizes=\"(max-width: 770px) 100vw, 770px\" \/><\/a><\/figure>\n","protected":false},"excerpt":{"rendered":"<p>Luis Eduardo Camacho, diputado de Realizando Metas, recalc\u00f3 que llega a la Asamblea Nacional con la l\u00ednea que siempre ha tenido, \u00abservirle a los paname\u00f1os, no necesito hacer show ni pertenecer a una bancada grande\u00bb. Con respecto a la propuesta de modificar el reglamento interno de la Asamblea Nacional, no se niega a discutirlo, aunque [&hellip;]<\/p>\n","protected":false},"author":3,"featured_media":11608,"comment_status":"open","ping_status":"open","sticky":false,"template":"","format":"standard","meta":{"footnotes":""},"categories":[37,36],"tags":[],"class_list":["post-11607","post","type-post","status-publish","format-standard","has-post-thumbnail","hentry","category-politica","category-nacionales"],"_links":{"self":[{"href":"https:\/\/alminutonoticia.com\/noticias\/wp-json\/wp\/v2\/posts\/11607","targetHints":{"allow":["GET"]}}],"collection":[{"href":"https:\/\/alminutonoticia.com\/noticias\/wp-json\/wp\/v2\/posts"}],"about":[{"href":"https:\/\/alminutonoticia.com\/noticias\/wp-json\/wp\/v2\/types\/post"}],"author":[{"embeddable":true,"href":"https:\/\/alminutonoticia.com\/noticias\/wp-json\/wp\/v2\/users\/3"}],"replies":[{"embeddable":true,"href":"https:\/\/alminutonoticia.com\/noticias\/wp-json\/wp\/v2\/comments?post=11607"}],"version-history":[{"count":1,"href":"https:\/\/alminutonoticia.com\/noticias\/wp-json\/wp\/v2\/posts\/11607\/revisions"}],"predecessor-version":[{"id":11609,"href":"https:\/\/alminutonoticia.com\/noticias\/wp-json\/wp\/v2\/posts\/11607\/revisions\/11609"}],"wp:featuredmedia":[{"embeddable":true,"href":"https:\/\/alminutonoticia.com\/noticias\/wp-json\/wp\/v2\/media\/11608"}],"wp:attachment":[{"href":"https:\/\/alminutonoticia.com\/noticias\/wp-json\/wp\/v2\/media?parent=11607"}],"wp:term":[{"taxonomy":"category","embeddable":true,"href":"https:\/\/alminutonoticia.com\/noticias\/wp-json\/wp\/v2\/categories?post=11607"},{"taxonomy":"post_tag","embeddable":true,"href":"https:\/\/alminutonoticia.com\/noticias\/wp-json\/wp\/v2\/tags?post=11607"}],"curies":[{"name":"wp","href":"https:\/\/api.w.org\/{rel}","templated":true}]}}