{"id":11603,"date":"2024-07-02T10:18:19","date_gmt":"2024-07-02T10:18:19","guid":{"rendered":"https:\/\/alminutonoticia.com\/noticias\/?p=11603"},"modified":"2024-07-02T10:18:21","modified_gmt":"2024-07-02T10:18:21","slug":"1-de-julio-inicia-una-nueva-historia-en-la-republica-de-panama-con-el-mandato-de-jose-raul-mulino-asi-es-la-agenda-protocolar","status":"publish","type":"post","link":"https:\/\/alminutonoticia.com\/noticias\/1-de-julio-inicia-una-nueva-historia-en-la-republica-de-panama-con-el-mandato-de-jose-raul-mulino-asi-es-la-agenda-protocolar\/","title":{"rendered":"1 de julio, inicia una nueva historia en la Rep\u00fablica de Panam\u00e1 con el mandato de Jos\u00e9 Ra\u00fal Mulino\u2026 As\u00ed es la agenda protocolar"},"content":{"rendered":"\n<p>1 de julio, inicia una nueva administraci\u00f3n gubernamental liderada por Jos\u00e9 Ra\u00fal Mulino y la Asamblea Nacional est\u00e1 instalada con 70 diputados.<\/p>\n\n\n\n<p>Los actos de este d\u00eda tan importante comenzaron con la izada de la Bandera Nacional en el Palacio Justo Arosemena, seguido de la izada de las banderas de los partidos pol\u00edticos y la foto oficial de los diputados del quinquenio que inicia.<\/p>\n\n\n\n<p>Luego la elecci\u00f3n y juramentaci\u00f3n del presidente de la Asamblea, el vicepresidente y la secretaria general.<\/p>\n\n\n\n<figure class=\"wp-block-image size-full\"><a href=\"https:\/\/alminutonoticia.com\/noticias\/wp-content\/uploads\/2024\/07\/GRZkl02XMAAjKQa.jpeg\"><img fetchpriority=\"high\" decoding=\"async\" width=\"1024\" height=\"796\" src=\"https:\/\/alminutonoticia.com\/noticias\/wp-content\/uploads\/2024\/07\/GRZkl02XMAAjKQa.jpeg\" alt=\"\" class=\"wp-image-11604\" title=\"\" srcset=\"https:\/\/alminutonoticia.com\/noticias\/wp-content\/uploads\/2024\/07\/GRZkl02XMAAjKQa.jpeg 1024w, https:\/\/alminutonoticia.com\/noticias\/wp-content\/uploads\/2024\/07\/GRZkl02XMAAjKQa-300x233.jpeg 300w, https:\/\/alminutonoticia.com\/noticias\/wp-content\/uploads\/2024\/07\/GRZkl02XMAAjKQa-768x597.jpeg 768w\" sizes=\"(max-width: 1024px) 100vw, 1024px\" \/><\/a><\/figure>\n\n\n\n<p>Despu\u00e9s los diputados se trasladan al Atlapa en donde ser\u00e1 juramentado como el presidente de Panam\u00e1 a Jos\u00e9 Ra\u00fal Mulino.<\/p>\n\n\n\n<p>Seguido habla la presidenta de la Asamblea Nacional, despu\u00e9s el presidente Mulino y concluye el evento protocolar con el Himno Nacional.<\/p>\n\n\n\n<figure class=\"wp-block-image size-full\"><a href=\"https:\/\/alminutonoticia.com\/noticias\/wp-content\/uploads\/2024\/07\/mu-770x470-1.jpeg\"><img decoding=\"async\" width=\"770\" height=\"470\" src=\"https:\/\/alminutonoticia.com\/noticias\/wp-content\/uploads\/2024\/07\/mu-770x470-1.jpeg\" alt=\"\" class=\"wp-image-11605\" title=\"\" srcset=\"https:\/\/alminutonoticia.com\/noticias\/wp-content\/uploads\/2024\/07\/mu-770x470-1.jpeg 770w, https:\/\/alminutonoticia.com\/noticias\/wp-content\/uploads\/2024\/07\/mu-770x470-1-300x183.jpeg 300w, https:\/\/alminutonoticia.com\/noticias\/wp-content\/uploads\/2024\/07\/mu-770x470-1-768x469.jpeg 768w\" sizes=\"(max-width: 770px) 100vw, 770px\" \/><\/a><\/figure>\n","protected":false},"excerpt":{"rendered":"<p>1 de julio, inicia una nueva administraci\u00f3n gubernamental liderada por Jos\u00e9 Ra\u00fal Mulino y la Asamblea Nacional est\u00e1 instalada con 70 diputados. Los actos de este d\u00eda tan importante comenzaron con la izada de la Bandera Nacional en el Palacio Justo Arosemena, seguido de la izada de las banderas de los partidos pol\u00edticos y la [&hellip;]<\/p>\n","protected":false},"author":3,"featured_media":11605,"comment_status":"open","ping_status":"open","sticky":false,"template":"","format":"standard","meta":{"footnotes":""},"categories":[36],"tags":[],"class_list":["post-11603","post","type-post","status-publish","format-standard","has-post-thumbnail","hentry","category-nacionales"],"_links":{"self":[{"href":"https:\/\/alminutonoticia.com\/noticias\/wp-json\/wp\/v2\/posts\/11603","targetHints":{"allow":["GET"]}}],"collection":[{"href":"https:\/\/alminutonoticia.com\/noticias\/wp-json\/wp\/v2\/posts"}],"about":[{"href":"https:\/\/alminutonoticia.com\/noticias\/wp-json\/wp\/v2\/types\/post"}],"author":[{"embeddable":true,"href":"https:\/\/alminutonoticia.com\/noticias\/wp-json\/wp\/v2\/users\/3"}],"replies":[{"embeddable":true,"href":"https:\/\/alminutonoticia.com\/noticias\/wp-json\/wp\/v2\/comments?post=11603"}],"version-history":[{"count":1,"href":"https:\/\/alminutonoticia.com\/noticias\/wp-json\/wp\/v2\/posts\/11603\/revisions"}],"predecessor-version":[{"id":11606,"href":"https:\/\/alminutonoticia.com\/noticias\/wp-json\/wp\/v2\/posts\/11603\/revisions\/11606"}],"wp:featuredmedia":[{"embeddable":true,"href":"https:\/\/alminutonoticia.com\/noticias\/wp-json\/wp\/v2\/media\/11605"}],"wp:attachment":[{"href":"https:\/\/alminutonoticia.com\/noticias\/wp-json\/wp\/v2\/media?parent=11603"}],"wp:term":[{"taxonomy":"category","embeddable":true,"href":"https:\/\/alminutonoticia.com\/noticias\/wp-json\/wp\/v2\/categories?post=11603"},{"taxonomy":"post_tag","embeddable":true,"href":"https:\/\/alminutonoticia.com\/noticias\/wp-json\/wp\/v2\/tags?post=11603"}],"curies":[{"name":"wp","href":"https:\/\/api.w.org\/{rel}","templated":true}]}}