{"id":11587,"date":"2024-06-29T02:47:35","date_gmt":"2024-06-29T02:47:35","guid":{"rendered":"https:\/\/alminutonoticia.com\/noticias\/?p=11587"},"modified":"2024-06-29T02:47:37","modified_gmt":"2024-06-29T02:47:37","slug":"mulino-nomina-a-jaime-diaz-y-a-maria-fernanda-garcia-como-director-y-subdirectora-del-ifarhu","status":"publish","type":"post","link":"https:\/\/alminutonoticia.com\/noticias\/mulino-nomina-a-jaime-diaz-y-a-maria-fernanda-garcia-como-director-y-subdirectora-del-ifarhu\/","title":{"rendered":"Mulino nomina a Jaime D\u00edaz y a Mar\u00eda Fernanda Garc\u00eda como director y subdirectora del Ifarhu"},"content":{"rendered":"\n<p>El presidente electo, Jos\u00e9 Ra\u00fal Mulino, nomin\u00f3 al equipo ejecutivo que estar\u00e1 al frente del Instituto para la Formaci\u00f3n y Aprovechamiento de Recursos Humanos (Ifarhu). Como director general ha nominado a Jaime D\u00edaz y como subdirectora a Mar\u00eda Fernanda Garc\u00eda y como secretario general a Gabriel Cajiga.<\/p>\n\n\n\n<p>Este equipo tiene la misi\u00f3n de transformar la instituci\u00f3n en una entidad abierta, transparente y eficiente.<\/p>\n\n\n\n<p>El Ifarhu debe ser informatizado para tener informaci\u00f3n en tiempo real y auditorias permanentes. Las ayudas econ\u00f3mica ser\u00e1n entregadas por m\u00e9ritos, cuyo ingreso familiar no supero los dos mil d\u00f3lares mensuales.<\/p>\n\n\n\n<p>Los nombrados, adem\u00e1s, realizar\u00e1n auditorias, para conocer la realidad de las ayudas econ\u00f3micas, y transformar esas ayudas en prestamos si fueron otorgadas de manera irregular.<\/p>\n\n\n\n<p>Jaime D\u00edaz tiene una Licenciatura en Comercio Internacional de la Universidad Interamericana de Panam\u00e1 y un m\u00e1ster en Administraci\u00f3n y Direcci\u00f3n de Empresas de Eude Business School, Madrid, Espa\u00f1a. A lo largo de su carrera, ha trabajado en la optimizaci\u00f3n de cadenas de suministro, la gesti\u00f3n eficiente de administraci\u00f3n y la implementaci\u00f3n de sistemas avanzados de seguimiento y control en diversas empresas, incluyendo Inversiones y Proyectos del Pac\u00edfico y Diarq Proyectos y Construcciones.<\/p>\n\n\n\n<p>Mar\u00eda Fernanda Garc\u00eda posee una Licenciatura en Derecho y Ciencias Pol\u00edticas de la Universidad Santa Mar\u00eda la Antigua y un m\u00e1ster en Derechos Fundamentales de la Universidad Carlos III, Madrid, Espa\u00f1a.<\/p>\n\n\n\n<p>Tambi\u00e9n, cuenta con un Diplomado Internacional en Derechos Humanos y Control de Convencionalidad de la Universidad Santa Mar\u00eda la Antigua y una Certificaci\u00f3n en Garant\u00edas y Derechos Humanos del LGTBIQ+ en Centros Penitenciarios del Ministerio de Gobierno. Se ha desempe\u00f1ado en la Direcci\u00f3n de Asesor\u00eda Legal del Ministerio de Vivienda y Ordenamiento Territorial y como asesora legal en la Asamblea Nacional, adem\u00e1s de ser gestora de proyectos en la Asociaci\u00f3n Paname\u00f1a de Debate.<\/p>\n\n\n\n<p>Gabriel Cajiga posee una Licenciatura en Derecho y Ciencias Pol\u00edticas de la Universidad Santa Mar\u00eda la Antigua y una Maestr\u00eda en Derecho de la Universidad de Texas, Estados Unidos. Ha trabajado como director interino del Instituto Panamericano de Derecho y Tecnolog\u00eda (Ipandetect) y asociado en la firma Cajigas y Co Law Firm.<\/p>\n\n\n\n<figure class=\"wp-block-image size-full\"><a href=\"https:\/\/alminutonoticia.com\/noticias\/wp-content\/uploads\/2024\/06\/ifaru-770x470-1.jpeg\"><img fetchpriority=\"high\" decoding=\"async\" width=\"770\" height=\"470\" src=\"https:\/\/alminutonoticia.com\/noticias\/wp-content\/uploads\/2024\/06\/ifaru-770x470-1.jpeg\" alt=\"\" class=\"wp-image-11588\" title=\"\" srcset=\"https:\/\/alminutonoticia.com\/noticias\/wp-content\/uploads\/2024\/06\/ifaru-770x470-1.jpeg 770w, https:\/\/alminutonoticia.com\/noticias\/wp-content\/uploads\/2024\/06\/ifaru-770x470-1-300x183.jpeg 300w, https:\/\/alminutonoticia.com\/noticias\/wp-content\/uploads\/2024\/06\/ifaru-770x470-1-768x469.jpeg 768w\" sizes=\"(max-width: 770px) 100vw, 770px\" \/><\/a><\/figure>\n","protected":false},"excerpt":{"rendered":"<p>El presidente electo, Jos\u00e9 Ra\u00fal Mulino, nomin\u00f3 al equipo ejecutivo que estar\u00e1 al frente del Instituto para la Formaci\u00f3n y Aprovechamiento de Recursos Humanos (Ifarhu). Como director general ha nominado a Jaime D\u00edaz y como subdirectora a Mar\u00eda Fernanda Garc\u00eda y como secretario general a Gabriel Cajiga. Este equipo tiene la misi\u00f3n de transformar la [&hellip;]<\/p>\n","protected":false},"author":3,"featured_media":11588,"comment_status":"open","ping_status":"open","sticky":false,"template":"","format":"standard","meta":{"footnotes":""},"categories":[36],"tags":[],"class_list":["post-11587","post","type-post","status-publish","format-standard","has-post-thumbnail","hentry","category-nacionales"],"_links":{"self":[{"href":"https:\/\/alminutonoticia.com\/noticias\/wp-json\/wp\/v2\/posts\/11587","targetHints":{"allow":["GET"]}}],"collection":[{"href":"https:\/\/alminutonoticia.com\/noticias\/wp-json\/wp\/v2\/posts"}],"about":[{"href":"https:\/\/alminutonoticia.com\/noticias\/wp-json\/wp\/v2\/types\/post"}],"author":[{"embeddable":true,"href":"https:\/\/alminutonoticia.com\/noticias\/wp-json\/wp\/v2\/users\/3"}],"replies":[{"embeddable":true,"href":"https:\/\/alminutonoticia.com\/noticias\/wp-json\/wp\/v2\/comments?post=11587"}],"version-history":[{"count":1,"href":"https:\/\/alminutonoticia.com\/noticias\/wp-json\/wp\/v2\/posts\/11587\/revisions"}],"predecessor-version":[{"id":11589,"href":"https:\/\/alminutonoticia.com\/noticias\/wp-json\/wp\/v2\/posts\/11587\/revisions\/11589"}],"wp:featuredmedia":[{"embeddable":true,"href":"https:\/\/alminutonoticia.com\/noticias\/wp-json\/wp\/v2\/media\/11588"}],"wp:attachment":[{"href":"https:\/\/alminutonoticia.com\/noticias\/wp-json\/wp\/v2\/media?parent=11587"}],"wp:term":[{"taxonomy":"category","embeddable":true,"href":"https:\/\/alminutonoticia.com\/noticias\/wp-json\/wp\/v2\/categories?post=11587"},{"taxonomy":"post_tag","embeddable":true,"href":"https:\/\/alminutonoticia.com\/noticias\/wp-json\/wp\/v2\/tags?post=11587"}],"curies":[{"name":"wp","href":"https:\/\/api.w.org\/{rel}","templated":true}]}}