{"id":11578,"date":"2024-06-27T22:15:26","date_gmt":"2024-06-27T22:15:26","guid":{"rendered":"https:\/\/alminutonoticia.com\/noticias\/?p=11578"},"modified":"2024-06-27T22:15:28","modified_gmt":"2024-06-27T22:15:28","slug":"corte-confirma-inconstitucionalidad-de-parrafos-de-ley-que-descentraliza-administracion-publica","status":"publish","type":"post","link":"https:\/\/alminutonoticia.com\/noticias\/corte-confirma-inconstitucionalidad-de-parrafos-de-ley-que-descentraliza-administracion-publica\/","title":{"rendered":"Corte confirma inconstitucionalidad de p\u00e1rrafos de ley que descentraliza administraci\u00f3n p\u00fablica"},"content":{"rendered":"\n<p>El Pleno de la Corte Suprema de Justicia (CSJ), en fallo con fecha del 18 de junio del 2024, declara que son inconstitucionales dos p\u00e1rrafos de la Ley 376 del 31 de marzo del 2023, que modific\u00f3 la Ley 37 de 2009, que descentraliza la administraci\u00f3n p\u00fablica, y que se refiere a los sueldos que devengan los representantes de corregimientos y sus suplentes electos, as\u00ed como a los alcaldes y vicealcaldes electos.<\/p>\n\n\n\n<p>Dicho fallo se registra atendiendo demandas de inconstitucionalidades presentadas, por separado, por los abogados Roberto Ruiz D\u00edaz y Ernesto Cede\u00f1o, las que posteriormente fueron acumuladas por concurrir los requisitos procesales, el Pleno de la CSJ declara inconstitucional los p\u00e1rrafos: \u201cNo obstante lo anterior, si el sueldo que corresponde al cargo de representante de corregimiento y suplente, es inferior al que perciben en dicha entidad estatal, por su condici\u00f3n de servidores p\u00fablicos electos podr\u00e1n optar en acogerse a una licencia con sueldo, por lo cual deber\u00e1n renunciar previamente al sueldo que corresponde al cargo de elecci\u00f3n popular\u201d, contenido en el art\u00edculo 72 de la Ley 37 de 2009, que fue modificado por el art\u00edculo 1 de la Ley 376 de 2023.<\/p>\n\n\n\n<p>Y el p\u00e1rrafo: \u201cNo obstante lo anterior, si el sueldo que corresponde al cargo de Alcalde y Vicealcalde, es inferior al que perciben en dicha entidad estatal, por su condici\u00f3n de servidores p\u00fablicos electos podr\u00e1n optar en acogerse a una licencia con sueldo para lo cual deber\u00e1n renunciar previamente al sueldo que corresponde al cargo de elecci\u00f3n popular\u201d, contenido en el art\u00edculo 83 de la Ley 37 de 2009, que fue modificado por el art\u00edculo 2 de la Ley 376 de 31 de marzo de 2023.<\/p>\n\n\n\n<p>De acuerdo a las consideraciones del Pleno contenidas en el fallo, que tuvo como ponente a la magistrada Mar\u00eda Cristina Chen Stanziola, se expone que: \u201cla idea de conceder a una persona electa, que previamente ocupaba un cargo p\u00fablico, la posibilidad de elegir el salario que devengar\u00e1, constituye una evidente ruptura del principio de igualdad consagrado en el art\u00edculo 20 de la Constituci\u00f3n Pol\u00edtica; habida cuenta que, quienes previamente laboraron en el sector privado, solo pueden aspirar a una licencia sin sueldo, lo que trae como consecuencia un privilegio irracional e injustificado, el cual carece de objetividad y resulta desproporcionado frente a otras personas que resultaron elegidas para el cargo, pero que en este caso, trabajan en el sector privado\u201d.<\/p>\n\n\n\n<p>Al expresar su respaldo a la decisi\u00f3n emitida por el Pleno, los magistrados Olmedo Arrocha Osorio y Cecilio Cedalise Riquelme emitieron, cada uno por separado, voto razonado.<\/p>\n\n\n\n<figure class=\"wp-block-image size-full\"><a href=\"https:\/\/alminutonoticia.com\/noticias\/wp-content\/uploads\/2024\/06\/corte_suprema_-_terminos_judiciales_0-1.jpg\"><img fetchpriority=\"high\" decoding=\"async\" width=\"750\" height=\"440\" src=\"https:\/\/alminutonoticia.com\/noticias\/wp-content\/uploads\/2024\/06\/corte_suprema_-_terminos_judiciales_0-1.jpg\" alt=\"\" class=\"wp-image-11579\" title=\"\" srcset=\"https:\/\/alminutonoticia.com\/noticias\/wp-content\/uploads\/2024\/06\/corte_suprema_-_terminos_judiciales_0-1.jpg 750w, https:\/\/alminutonoticia.com\/noticias\/wp-content\/uploads\/2024\/06\/corte_suprema_-_terminos_judiciales_0-1-300x176.jpg 300w\" sizes=\"(max-width: 750px) 100vw, 750px\" \/><\/a><\/figure>\n","protected":false},"excerpt":{"rendered":"<p>El Pleno de la Corte Suprema de Justicia (CSJ), en fallo con fecha del 18 de junio del 2024, declara que son inconstitucionales dos p\u00e1rrafos de la Ley 376 del 31 de marzo del 2023, que modific\u00f3 la Ley 37 de 2009, que descentraliza la administraci\u00f3n p\u00fablica, y que se refiere a los sueldos que [&hellip;]<\/p>\n","protected":false},"author":3,"featured_media":11579,"comment_status":"open","ping_status":"open","sticky":false,"template":"","format":"standard","meta":{"footnotes":""},"categories":[36],"tags":[],"class_list":["post-11578","post","type-post","status-publish","format-standard","has-post-thumbnail","hentry","category-nacionales"],"_links":{"self":[{"href":"https:\/\/alminutonoticia.com\/noticias\/wp-json\/wp\/v2\/posts\/11578","targetHints":{"allow":["GET"]}}],"collection":[{"href":"https:\/\/alminutonoticia.com\/noticias\/wp-json\/wp\/v2\/posts"}],"about":[{"href":"https:\/\/alminutonoticia.com\/noticias\/wp-json\/wp\/v2\/types\/post"}],"author":[{"embeddable":true,"href":"https:\/\/alminutonoticia.com\/noticias\/wp-json\/wp\/v2\/users\/3"}],"replies":[{"embeddable":true,"href":"https:\/\/alminutonoticia.com\/noticias\/wp-json\/wp\/v2\/comments?post=11578"}],"version-history":[{"count":1,"href":"https:\/\/alminutonoticia.com\/noticias\/wp-json\/wp\/v2\/posts\/11578\/revisions"}],"predecessor-version":[{"id":11580,"href":"https:\/\/alminutonoticia.com\/noticias\/wp-json\/wp\/v2\/posts\/11578\/revisions\/11580"}],"wp:featuredmedia":[{"embeddable":true,"href":"https:\/\/alminutonoticia.com\/noticias\/wp-json\/wp\/v2\/media\/11579"}],"wp:attachment":[{"href":"https:\/\/alminutonoticia.com\/noticias\/wp-json\/wp\/v2\/media?parent=11578"}],"wp:term":[{"taxonomy":"category","embeddable":true,"href":"https:\/\/alminutonoticia.com\/noticias\/wp-json\/wp\/v2\/categories?post=11578"},{"taxonomy":"post_tag","embeddable":true,"href":"https:\/\/alminutonoticia.com\/noticias\/wp-json\/wp\/v2\/tags?post=11578"}],"curies":[{"name":"wp","href":"https:\/\/api.w.org\/{rel}","templated":true}]}}