{"id":11569,"date":"2024-06-27T22:11:48","date_gmt":"2024-06-27T22:11:48","guid":{"rendered":"https:\/\/alminutonoticia.com\/noticias\/?p=11569"},"modified":"2024-06-27T22:11:50","modified_gmt":"2024-06-27T22:11:50","slug":"presidente-cortizo-inaugura-hospital-de-cancerologia-dr-adan-rios-en-ciudad-de-la-salud","status":"publish","type":"post","link":"https:\/\/alminutonoticia.com\/noticias\/presidente-cortizo-inaugura-hospital-de-cancerologia-dr-adan-rios-en-ciudad-de-la-salud\/","title":{"rendered":"Presidente Cortizo inaugura Hospital de Cancerolog\u00eda Dr. Ad\u00e1n R\u00edos, en Ciudad de la Salud"},"content":{"rendered":"\n<p>Considerado como uno de los m\u00e1s modernos de la regi\u00f3n, el presidente de la Rep\u00fablica, Laurentino Cortizo Cohen, inaugur\u00f3 esta ma\u00f1ana el Hospital de Cancerolog\u00eda en la Ciudad de la Salud, el cual traer\u00e1 alivio a miles de paname\u00f1os que sufren la terrible enfermedad del c\u00e1ncer, y ofrecer\u00e1 servicios a los asegurados de la Caja de Seguro Social (CSS) que hasta ahora les prestaba el Instituto Oncol\u00f3gico Nacional (ION).<\/p>\n\n\n\n<p>En su actividad n\u00famero 847, la \u00faltima en sus 60 meses de administraci\u00f3n, el presidente Cortizo Cohen, acompa\u00f1ado de varios miembros de su Gabinete, recorri\u00f3 las modernas instalaciones del Hospital de Cancerolog\u00eda que llevar\u00e1 el nombre del Dr. Ad\u00e1n R\u00edos \u00c1brego, como un reconocimiento de la Patria a este m\u00e9dico paname\u00f1o de origen humilde por su destacada labor como investigador en la lucha contra el c\u00e1ncer.<\/p>\n\n\n\n<figure class=\"wp-block-image size-large\"><a href=\"https:\/\/alminutonoticia.com\/noticias\/wp-content\/uploads\/2024\/06\/WhatsApp-Image-2024-06-27-at-4.55.46-PM-4.jpeg\"><img fetchpriority=\"high\" decoding=\"async\" width=\"1024\" height=\"682\" src=\"https:\/\/alminutonoticia.com\/noticias\/wp-content\/uploads\/2024\/06\/WhatsApp-Image-2024-06-27-at-4.55.46-PM-4-1024x682.jpeg\" alt=\"\" class=\"wp-image-11570\" title=\"\" srcset=\"https:\/\/alminutonoticia.com\/noticias\/wp-content\/uploads\/2024\/06\/WhatsApp-Image-2024-06-27-at-4.55.46-PM-4-1024x682.jpeg 1024w, https:\/\/alminutonoticia.com\/noticias\/wp-content\/uploads\/2024\/06\/WhatsApp-Image-2024-06-27-at-4.55.46-PM-4-300x200.jpeg 300w, https:\/\/alminutonoticia.com\/noticias\/wp-content\/uploads\/2024\/06\/WhatsApp-Image-2024-06-27-at-4.55.46-PM-4-768x512.jpeg 768w, https:\/\/alminutonoticia.com\/noticias\/wp-content\/uploads\/2024\/06\/WhatsApp-Image-2024-06-27-at-4.55.46-PM-4.jpeg 1280w\" sizes=\"(max-width: 1024px) 100vw, 1024px\" \/><\/a><\/figure>\n\n\n\n<p>El presidente Cortizo Cohen explic\u00f3 que el nuevo centro hospitalario ofrece a los pacientes oncol\u00f3gicos asegurados la atenci\u00f3n que hasta ahora les prestaba el Oncol\u00f3gico, \u00fanica entidad sanitaria que desde hace d\u00e9cadas atiende a los pacientes de c\u00e1ncer.<\/p>\n\n\n\n<p>Se\u00f1al\u00f3 que el nuevo hospital, al igual que la Ciudad de la Salud, es un s\u00edmbolo de esperanza para los paname\u00f1os que ahora cuentan con estructuras de salud p\u00fablica de primer mundo equipadas con tecnolog\u00eda avanzada para dar servicios de calidad a la poblaci\u00f3n.<\/p>\n\n\n\n<p>El hospital tendr\u00e1\u00a0capacidad inicialmente para m\u00e1s de 200 camas hospitalarias y manejo de los pacientes de forma ambulatoria; contar\u00e1 con innovadores tratamientos de c\u00e1ncer, la m\u00e1s moderna tecnolog\u00eda que actualmente solo funciona en dos pa\u00edses del continente americano y la posibilidad de hacer trazabilidad con pacientes y familiares para prevenir la enfermedad.<\/p>\n\n\n\n<div class=\"wp-block-columns is-layout-flex wp-container-core-columns-is-layout-28f84493 wp-block-columns-is-layout-flex\">\n<div class=\"wp-block-column is-layout-flow wp-block-column-is-layout-flow\" style=\"flex-basis:50%\">\n<figure class=\"wp-block-image size-large\"><a href=\"https:\/\/alminutonoticia.com\/noticias\/wp-content\/uploads\/2024\/06\/WhatsApp-Image-2024-06-27-at-4.55.46-PM-1.jpeg\"><img decoding=\"async\" width=\"1024\" height=\"682\" src=\"https:\/\/alminutonoticia.com\/noticias\/wp-content\/uploads\/2024\/06\/WhatsApp-Image-2024-06-27-at-4.55.46-PM-1-1024x682.jpeg\" alt=\"\" class=\"wp-image-11571\" title=\"\" srcset=\"https:\/\/alminutonoticia.com\/noticias\/wp-content\/uploads\/2024\/06\/WhatsApp-Image-2024-06-27-at-4.55.46-PM-1-1024x682.jpeg 1024w, https:\/\/alminutonoticia.com\/noticias\/wp-content\/uploads\/2024\/06\/WhatsApp-Image-2024-06-27-at-4.55.46-PM-1-300x200.jpeg 300w, https:\/\/alminutonoticia.com\/noticias\/wp-content\/uploads\/2024\/06\/WhatsApp-Image-2024-06-27-at-4.55.46-PM-1-768x512.jpeg 768w, https:\/\/alminutonoticia.com\/noticias\/wp-content\/uploads\/2024\/06\/WhatsApp-Image-2024-06-27-at-4.55.46-PM-1.jpeg 1280w\" sizes=\"(max-width: 1024px) 100vw, 1024px\" \/><\/a><\/figure>\n<\/div>\n\n\n\n<div class=\"wp-block-column is-layout-flow wp-block-column-is-layout-flow\" style=\"flex-basis:50%\">\n<figure class=\"wp-block-image size-large\"><a href=\"https:\/\/alminutonoticia.com\/noticias\/wp-content\/uploads\/2024\/06\/WhatsApp-Image-2024-06-27-at-4.55.47-PM-3.jpeg\"><img decoding=\"async\" width=\"1024\" height=\"682\" src=\"https:\/\/alminutonoticia.com\/noticias\/wp-content\/uploads\/2024\/06\/WhatsApp-Image-2024-06-27-at-4.55.47-PM-3-1024x682.jpeg\" alt=\"\" class=\"wp-image-11572\" title=\"\" srcset=\"https:\/\/alminutonoticia.com\/noticias\/wp-content\/uploads\/2024\/06\/WhatsApp-Image-2024-06-27-at-4.55.47-PM-3-1024x682.jpeg 1024w, https:\/\/alminutonoticia.com\/noticias\/wp-content\/uploads\/2024\/06\/WhatsApp-Image-2024-06-27-at-4.55.47-PM-3-300x200.jpeg 300w, https:\/\/alminutonoticia.com\/noticias\/wp-content\/uploads\/2024\/06\/WhatsApp-Image-2024-06-27-at-4.55.47-PM-3-768x512.jpeg 768w, https:\/\/alminutonoticia.com\/noticias\/wp-content\/uploads\/2024\/06\/WhatsApp-Image-2024-06-27-at-4.55.47-PM-3.jpeg 1280w\" sizes=\"(max-width: 1024px) 100vw, 1024px\" \/><\/a><\/figure>\n<\/div>\n<\/div>\n\n\n\n<p>El director de la CSS, Enrique Lau Cort\u00e9s, manifest\u00f3 que Panam\u00e1 celebra que el Hospital de Cancerolog\u00eda lleve el nombre del Dr. Ad\u00e1n Rios un hombre tenaz que representa la perseverancia, resilencia y amor a los pacientes.<\/p>\n\n\n\n<p>Indic\u00f3 que la obra representa un ejemplo de lo que somos capaces de hacer los paname\u00f1os .<\/p>\n\n\n\n<p>El hospital ofrecer\u00e1&nbsp;tratamientos de braquiterapia, que es lo \u00faltimo y m\u00e1s moderno en tecnolog\u00eda en el mundo, para tratar los tumores sin da\u00f1ar los tejidos que lo rodean.<\/p>\n\n\n\n<p>La braquiterapia consiste en colocar dentro o muy cerca del tumor un elemento radioactivo. Esto se realiza de forma ambulatoria y permite, con la radioterapia externa, un alto porcentaje de curaci\u00f3n en los pacientes.<\/p>\n\n\n\n<div class=\"wp-block-columns is-layout-flex wp-container-core-columns-is-layout-28f84493 wp-block-columns-is-layout-flex\">\n<div class=\"wp-block-column is-layout-flow wp-block-column-is-layout-flow\">\n<figure class=\"wp-block-image size-large\"><a href=\"https:\/\/alminutonoticia.com\/noticias\/wp-content\/uploads\/2024\/06\/WhatsApp-Image-2024-06-27-at-4.55.47-PM-1.jpeg\"><img loading=\"lazy\" decoding=\"async\" width=\"1024\" height=\"682\" src=\"https:\/\/alminutonoticia.com\/noticias\/wp-content\/uploads\/2024\/06\/WhatsApp-Image-2024-06-27-at-4.55.47-PM-1-1024x682.jpeg\" alt=\"\" class=\"wp-image-11573\" title=\"\" srcset=\"https:\/\/alminutonoticia.com\/noticias\/wp-content\/uploads\/2024\/06\/WhatsApp-Image-2024-06-27-at-4.55.47-PM-1-1024x682.jpeg 1024w, https:\/\/alminutonoticia.com\/noticias\/wp-content\/uploads\/2024\/06\/WhatsApp-Image-2024-06-27-at-4.55.47-PM-1-300x200.jpeg 300w, https:\/\/alminutonoticia.com\/noticias\/wp-content\/uploads\/2024\/06\/WhatsApp-Image-2024-06-27-at-4.55.47-PM-1-768x512.jpeg 768w, https:\/\/alminutonoticia.com\/noticias\/wp-content\/uploads\/2024\/06\/WhatsApp-Image-2024-06-27-at-4.55.47-PM-1.jpeg 1280w\" sizes=\"(max-width: 1024px) 100vw, 1024px\" \/><\/a><\/figure>\n<\/div>\n\n\n\n<div class=\"wp-block-column is-layout-flow wp-block-column-is-layout-flow\">\n<figure class=\"wp-block-image size-large\"><a href=\"https:\/\/alminutonoticia.com\/noticias\/wp-content\/uploads\/2024\/06\/WhatsApp-Image-2024-06-27-at-4.55.47-PM-3-1.jpeg\"><img loading=\"lazy\" decoding=\"async\" width=\"1024\" height=\"682\" src=\"https:\/\/alminutonoticia.com\/noticias\/wp-content\/uploads\/2024\/06\/WhatsApp-Image-2024-06-27-at-4.55.47-PM-3-1-1024x682.jpeg\" alt=\"\" class=\"wp-image-11575\" title=\"\" srcset=\"https:\/\/alminutonoticia.com\/noticias\/wp-content\/uploads\/2024\/06\/WhatsApp-Image-2024-06-27-at-4.55.47-PM-3-1-1024x682.jpeg 1024w, https:\/\/alminutonoticia.com\/noticias\/wp-content\/uploads\/2024\/06\/WhatsApp-Image-2024-06-27-at-4.55.47-PM-3-1-300x200.jpeg 300w, https:\/\/alminutonoticia.com\/noticias\/wp-content\/uploads\/2024\/06\/WhatsApp-Image-2024-06-27-at-4.55.47-PM-3-1-768x512.jpeg 768w, https:\/\/alminutonoticia.com\/noticias\/wp-content\/uploads\/2024\/06\/WhatsApp-Image-2024-06-27-at-4.55.47-PM-3-1.jpeg 1280w\" sizes=\"(max-width: 1024px) 100vw, 1024px\" \/><\/a><\/figure>\n<\/div>\n<\/div>\n\n\n\n<p>El 70% de los pacientes con c\u00e1ncer del pa\u00eds, que son afiliados a la CSS, podr\u00e1 atenderse en el Hospital de Cancerolog\u00eda, donde se combinar\u00e1 la prevenci\u00f3n, el diagn\u00f3stico temprano y los tratamientos adecuados.<\/p>\n\n\n\n<p>Contar\u00e1, adem\u00e1s, con servicios de cirug\u00eda oncol\u00f3gica,&nbsp;oncolog\u00eda m\u00e9dica y radio-oncolog\u00eda, donde se instalar\u00e1n cuatro aceleradores lineales de \u00faltima generaci\u00f3n y un tom\u00f3grafo para la simulaci\u00f3n y planeaci\u00f3n de los tratamientos. Estos modernos aceleradores lineales, adem\u00e1s de Panam\u00e1, solo funcionan actualmente en Estados Unidos y M\u00e9xico.<\/p>\n\n\n\n<p>Son cuatro b\u00fankeres con aceleradores lineales (un aparato que genera rayos X para tratar el c\u00e1ncer a base de radiaciones). En cada uno se pueden tratar m\u00e1s de 100 pacientes por d\u00eda, que en total ser\u00edan m\u00e1s de 400 por d\u00eda.&nbsp;<\/p>\n\n\n\n<p>El acelerador Elekta Unity tiene un resonador magn\u00e9tico que delimita las estructuras del paciente e identifica las \u00e1reas tumorales y los tejidos sanos, para aumentar las dosis de tratamiento al tumor y disminuir efectos secundarios alrededor. Permite ver im\u00e1genes del cuerpo en tiempo real y los movimientos de los \u00f3rganos al momento del tratamiento.<\/p>\n\n\n\n<p>Todas las \u00e1reas cuentan con protecci\u00f3n y salud radiol\u00f3gica, con medidas en cada uno de los b\u00fankeres para que las radiaciones no vayan al exterior.<\/p>\n\n\n\n<figure class=\"wp-block-image size-large\"><a href=\"https:\/\/alminutonoticia.com\/noticias\/wp-content\/uploads\/2024\/06\/WhatsApp-Image-2024-06-27-at-4.55.47-PM-2-1.jpeg\"><img loading=\"lazy\" decoding=\"async\" width=\"1024\" height=\"682\" src=\"https:\/\/alminutonoticia.com\/noticias\/wp-content\/uploads\/2024\/06\/WhatsApp-Image-2024-06-27-at-4.55.47-PM-2-1-1024x682.jpeg\" alt=\"\" class=\"wp-image-11576\" title=\"\" srcset=\"https:\/\/alminutonoticia.com\/noticias\/wp-content\/uploads\/2024\/06\/WhatsApp-Image-2024-06-27-at-4.55.47-PM-2-1-1024x682.jpeg 1024w, https:\/\/alminutonoticia.com\/noticias\/wp-content\/uploads\/2024\/06\/WhatsApp-Image-2024-06-27-at-4.55.47-PM-2-1-300x200.jpeg 300w, https:\/\/alminutonoticia.com\/noticias\/wp-content\/uploads\/2024\/06\/WhatsApp-Image-2024-06-27-at-4.55.47-PM-2-1-768x512.jpeg 768w, https:\/\/alminutonoticia.com\/noticias\/wp-content\/uploads\/2024\/06\/WhatsApp-Image-2024-06-27-at-4.55.47-PM-2-1.jpeg 1280w\" sizes=\"(max-width: 1024px) 100vw, 1024px\" \/><\/a><\/figure>\n\n\n\n<p>Ante el aumento sostenido de casos de c\u00e1ncer, el Hospital Cancerol\u00f3gico de la Ciudad de la Salud representar\u00e1&nbsp;un alivio en el cuidado de esta enfermedad y aportar\u00e1 al sistema m\u00e9dico nacional una instalaci\u00f3n del cuarto nivel de atenci\u00f3n.<\/p>\n\n\n\n<p>Esta instalaci\u00f3n m\u00e9dica trabajar\u00e1 de forma mancomunada con el Instituto Oncol\u00f3gico Nacional, pero la CSS podr\u00e1 referir pacientes a la Ciudad de la Salud desde cualquiera de sus unidades ejecutoras.<\/p>\n\n\n\n<p>Asistieron a la inauguraci\u00f3n, el vicepresidente de la Rep\u00fablica, Jos\u00e9 Gabriel Carrizo; el ministro de Salud, Luis Francisco Sucre; la ministra consejera para Asuntos P\u00fablicos de Salud, Eyra Ruiz; la gobernadora de la provincia de Panam\u00e1, Carla Garc\u00eda; el Dr. Ad\u00e1n R\u00edos y su esposa, entre otros invitados especiales entre estos una delegaci\u00f3n de profesores e investigadores de la Universidad de Texas y de la Universidad Georges Washington as\u00ed como la gloria del deporte paname\u00f1o, Roberto Dur\u00e1n.<\/p>\n","protected":false},"excerpt":{"rendered":"<p>Considerado como uno de los m\u00e1s modernos de la regi\u00f3n, el presidente de la Rep\u00fablica, Laurentino Cortizo Cohen, inaugur\u00f3 esta ma\u00f1ana el Hospital de Cancerolog\u00eda en la Ciudad de la Salud, el cual traer\u00e1 alivio a miles de paname\u00f1os que sufren la terrible enfermedad del c\u00e1ncer, y ofrecer\u00e1 servicios a los asegurados de la Caja [&hellip;]<\/p>\n","protected":false},"author":3,"featured_media":11576,"comment_status":"open","ping_status":"open","sticky":false,"template":"","format":"standard","meta":{"footnotes":""},"categories":[36,45],"tags":[],"class_list":["post-11569","post","type-post","status-publish","format-standard","has-post-thumbnail","hentry","category-nacionales","category-salud"],"_links":{"self":[{"href":"https:\/\/alminutonoticia.com\/noticias\/wp-json\/wp\/v2\/posts\/11569","targetHints":{"allow":["GET"]}}],"collection":[{"href":"https:\/\/alminutonoticia.com\/noticias\/wp-json\/wp\/v2\/posts"}],"about":[{"href":"https:\/\/alminutonoticia.com\/noticias\/wp-json\/wp\/v2\/types\/post"}],"author":[{"embeddable":true,"href":"https:\/\/alminutonoticia.com\/noticias\/wp-json\/wp\/v2\/users\/3"}],"replies":[{"embeddable":true,"href":"https:\/\/alminutonoticia.com\/noticias\/wp-json\/wp\/v2\/comments?post=11569"}],"version-history":[{"count":1,"href":"https:\/\/alminutonoticia.com\/noticias\/wp-json\/wp\/v2\/posts\/11569\/revisions"}],"predecessor-version":[{"id":11577,"href":"https:\/\/alminutonoticia.com\/noticias\/wp-json\/wp\/v2\/posts\/11569\/revisions\/11577"}],"wp:featuredmedia":[{"embeddable":true,"href":"https:\/\/alminutonoticia.com\/noticias\/wp-json\/wp\/v2\/media\/11576"}],"wp:attachment":[{"href":"https:\/\/alminutonoticia.com\/noticias\/wp-json\/wp\/v2\/media?parent=11569"}],"wp:term":[{"taxonomy":"category","embeddable":true,"href":"https:\/\/alminutonoticia.com\/noticias\/wp-json\/wp\/v2\/categories?post=11569"},{"taxonomy":"post_tag","embeddable":true,"href":"https:\/\/alminutonoticia.com\/noticias\/wp-json\/wp\/v2\/tags?post=11569"}],"curies":[{"name":"wp","href":"https:\/\/api.w.org\/{rel}","templated":true}]}}