{"id":11557,"date":"2024-06-27T22:00:13","date_gmt":"2024-06-27T22:00:13","guid":{"rendered":"https:\/\/alminutonoticia.com\/noticias\/?p=11557"},"modified":"2024-06-27T22:00:15","modified_gmt":"2024-06-27T22:00:15","slug":"walkiria-chandler-postulada-por-vamos-para-presidencia-de-asamblea-nacional","status":"publish","type":"post","link":"https:\/\/alminutonoticia.com\/noticias\/walkiria-chandler-postulada-por-vamos-para-presidencia-de-asamblea-nacional\/","title":{"rendered":"Walkiria Chandler postulada por VAMOS para presidencia de Asamblea Nacional"},"content":{"rendered":"\n<p>Los miembros de la bancada independiente VAMOS comunic\u00f3 este jueves 27 de junio mediante un comunicado que decidi\u00f3 postular a la diputada electa Walkiria Chandler D\u2019Orcy a la presidencia de la Asamblea Nacional para el periodo legislativo 2024-2025.<\/p>\n\n\n\n<p>Chandler D\u2019Orcy diputada electa por el circuito 8-3, es abogada egresada de la Universidad de Panam\u00e1, cuenta con un posgrado en Contratos y Da\u00f1os de la Universidad de Salamanca, un posgrado en Docencia Superior y una Maestr\u00eda en Propiedad Intelectual de la Universidad Carlos III y es en la actualidad diputada suplente independiente para el periodo 2019-2024. En este periodo forma parte de la Comisi\u00f3n de la Mujer, la Ni\u00f1ez, la Juventud y la Familia, donde colabor\u00f3 en la investigaci\u00f3n sobre las irregularidades del SENNIAF.<\/p>\n\n\n\n<p>Igualmente, la Diputada suplente particip\u00f3 en las giras de la discusi\u00f3n del proyecto de cambio constitucional en el 2019 dentro de la Comisi\u00f3n de Gobierno, Justicia y Asuntos Constitucionales y desde el pleno en la discusi\u00f3n del Contrato Minero, a la vez que fue propulsora de iniciativas para el respeto y cuidado del medio ambiente y el desarrollo sostenible.<\/p>\n\n\n\n<p>En la actualidad se desempe\u00f1a como Secretaria Legal del Centro de Estudios Afropaname\u00f1os y es titulada del Global Competitive Leadership de Georgetown University y locutora con licencia.<\/p>\n\n\n\n<p>Cabe destacar que mediante el comunicado la bancada de Vamos deja claro \u00abEstamos preparados para votar unificados y en bloque en la votaci\u00f3n del 1 de julio y otras decisiones importantes a futuro. Buscamos que nuestra postulaci\u00f3n sea de consenso y, por eso, hemos tendido puentes con todas las bancadas representadas en la Asamblea Nacional para alcanzar una Junta Directiva que represente la diversidad de fuerzas pol\u00edticas del legislativo\u00bb.<\/p>\n\n\n\n<p>A\u00f1aden los diputados de la bancada VAMOS que una de nuestras prioridades es garantizar que las buenas propuestas del \u00d3rgano Ejecutivo se hagan realidad en beneficio de todo el pa\u00eds y acabar as\u00ed con d\u00e9cadas de chantaje en perjuicio de los \u00f3rganos Ejecutivo y Judicial, y en detrimento de las instituciones democr\u00e1ticas y el orden constitucional.<\/p>\n\n\n\n<p>Expresan finalmente los miembros de la bancada de Vamos que reiteraron su deseo de trabajar en equipo con los diputados de todas las bancadas en la renovaci\u00f3n y transformaci\u00f3n del Primer \u00d3rgano del Estado, para que la Asamblea Nacional cumpla en representar con transparencia, eficiencia y rendici\u00f3n de cuentas, en discutir los temas de inter\u00e9s y dar respuestas concretas a los principales problemas que enfrentan los paname\u00f1os.<\/p>\n\n\n\n<figure class=\"wp-block-image size-full\"><a href=\"https:\/\/alminutonoticia.com\/noticias\/wp-content\/uploads\/2024\/06\/images-12.jpg\"><img fetchpriority=\"high\" decoding=\"async\" width=\"225\" height=\"225\" src=\"https:\/\/alminutonoticia.com\/noticias\/wp-content\/uploads\/2024\/06\/images-12.jpg\" alt=\"\" class=\"wp-image-11558\" title=\"\" srcset=\"https:\/\/alminutonoticia.com\/noticias\/wp-content\/uploads\/2024\/06\/images-12.jpg 225w, https:\/\/alminutonoticia.com\/noticias\/wp-content\/uploads\/2024\/06\/images-12-150x150.jpg 150w\" sizes=\"(max-width: 225px) 100vw, 225px\" \/><\/a><\/figure>\n","protected":false},"excerpt":{"rendered":"<p>Los miembros de la bancada independiente VAMOS comunic\u00f3 este jueves 27 de junio mediante un comunicado que decidi\u00f3 postular a la diputada electa Walkiria Chandler D\u2019Orcy a la presidencia de la Asamblea Nacional para el periodo legislativo 2024-2025. Chandler D\u2019Orcy diputada electa por el circuito 8-3, es abogada egresada de la Universidad de Panam\u00e1, cuenta [&hellip;]<\/p>\n","protected":false},"author":3,"featured_media":11558,"comment_status":"open","ping_status":"open","sticky":false,"template":"","format":"standard","meta":{"footnotes":""},"categories":[36,37],"tags":[],"class_list":["post-11557","post","type-post","status-publish","format-standard","has-post-thumbnail","hentry","category-nacionales","category-politica"],"_links":{"self":[{"href":"https:\/\/alminutonoticia.com\/noticias\/wp-json\/wp\/v2\/posts\/11557","targetHints":{"allow":["GET"]}}],"collection":[{"href":"https:\/\/alminutonoticia.com\/noticias\/wp-json\/wp\/v2\/posts"}],"about":[{"href":"https:\/\/alminutonoticia.com\/noticias\/wp-json\/wp\/v2\/types\/post"}],"author":[{"embeddable":true,"href":"https:\/\/alminutonoticia.com\/noticias\/wp-json\/wp\/v2\/users\/3"}],"replies":[{"embeddable":true,"href":"https:\/\/alminutonoticia.com\/noticias\/wp-json\/wp\/v2\/comments?post=11557"}],"version-history":[{"count":1,"href":"https:\/\/alminutonoticia.com\/noticias\/wp-json\/wp\/v2\/posts\/11557\/revisions"}],"predecessor-version":[{"id":11559,"href":"https:\/\/alminutonoticia.com\/noticias\/wp-json\/wp\/v2\/posts\/11557\/revisions\/11559"}],"wp:featuredmedia":[{"embeddable":true,"href":"https:\/\/alminutonoticia.com\/noticias\/wp-json\/wp\/v2\/media\/11558"}],"wp:attachment":[{"href":"https:\/\/alminutonoticia.com\/noticias\/wp-json\/wp\/v2\/media?parent=11557"}],"wp:term":[{"taxonomy":"category","embeddable":true,"href":"https:\/\/alminutonoticia.com\/noticias\/wp-json\/wp\/v2\/categories?post=11557"},{"taxonomy":"post_tag","embeddable":true,"href":"https:\/\/alminutonoticia.com\/noticias\/wp-json\/wp\/v2\/tags?post=11557"}],"curies":[{"name":"wp","href":"https:\/\/api.w.org\/{rel}","templated":true}]}}