{"id":11483,"date":"2024-06-26T11:23:18","date_gmt":"2024-06-26T11:23:18","guid":{"rendered":"https:\/\/alminutonoticia.com\/noticias\/?p=11483"},"modified":"2024-06-26T11:23:20","modified_gmt":"2024-06-26T11:23:20","slug":"salomon-shamah-ha-sido-nominado-como-director-general-de-promtur","status":"publish","type":"post","link":"https:\/\/alminutonoticia.com\/noticias\/salomon-shamah-ha-sido-nominado-como-director-general-de-promtur\/","title":{"rendered":"Salom\u00f3n Shamah ha sido nominado como director general de Promtur"},"content":{"rendered":"\n<p>El presidente electo, Jos\u00e9 Ra\u00fal Mulino, nomin\u00f3 a Salom\u00f3n Shamah como director general de Promtur Panam\u00e1, organismo cuya funci\u00f3n es la promoci\u00f3n internacional de Panam\u00e1 como destino para todos los segmentos y productos de turismo.<\/p>\n\n\n\n<p>Shamah es abogado de profesi\u00f3n, productor musical y asesor internacional de campa\u00f1as pol\u00edticas y gobierno.<\/p>\n\n\n\n<p>Fue ministro de Turismo durante el periodo 2009-2014. En su gesti\u00f3n, cre\u00f3 el seguro para el turista y el Centro de Convenciones, que generaron m\u00e1s de $3 millones de noches de hotel, superando los $2 millones trescientos mil visitantes. Junto al sector privado, impuls\u00f3 la Ley 80 de incentivos al turismo, a\u00fan vigente.<\/p>\n\n\n\n<p>Ha asesorado campa\u00f1as presidenciales, de gobernador y alcalde en pa\u00edses como Panam\u00e1, Costa Rica, Argentina, Brasil, Rep\u00fablica Dominicana y M\u00e9xico. Es defensor de los derechos de autor y propiedad intelectual y fue calificador de pruebas para la fiscal\u00eda de propiedad intelectual de Panam\u00e1.<\/p>\n\n\n\n<figure class=\"wp-block-image size-full\"><a href=\"https:\/\/alminutonoticia.com\/noticias\/wp-content\/uploads\/2024\/06\/samas-770x470-1.jpeg\"><img fetchpriority=\"high\" decoding=\"async\" width=\"770\" height=\"470\" src=\"https:\/\/alminutonoticia.com\/noticias\/wp-content\/uploads\/2024\/06\/samas-770x470-1.jpeg\" alt=\"\" class=\"wp-image-11484\" title=\"\" srcset=\"https:\/\/alminutonoticia.com\/noticias\/wp-content\/uploads\/2024\/06\/samas-770x470-1.jpeg 770w, https:\/\/alminutonoticia.com\/noticias\/wp-content\/uploads\/2024\/06\/samas-770x470-1-300x183.jpeg 300w, https:\/\/alminutonoticia.com\/noticias\/wp-content\/uploads\/2024\/06\/samas-770x470-1-768x469.jpeg 768w\" sizes=\"(max-width: 770px) 100vw, 770px\" \/><\/a><\/figure>\n","protected":false},"excerpt":{"rendered":"<p>El presidente electo, Jos\u00e9 Ra\u00fal Mulino, nomin\u00f3 a Salom\u00f3n Shamah como director general de Promtur Panam\u00e1, organismo cuya funci\u00f3n es la promoci\u00f3n internacional de Panam\u00e1 como destino para todos los segmentos y productos de turismo. Shamah es abogado de profesi\u00f3n, productor musical y asesor internacional de campa\u00f1as pol\u00edticas y gobierno. Fue ministro de Turismo durante [&hellip;]<\/p>\n","protected":false},"author":3,"featured_media":11484,"comment_status":"open","ping_status":"open","sticky":false,"template":"","format":"standard","meta":{"footnotes":""},"categories":[36],"tags":[],"class_list":["post-11483","post","type-post","status-publish","format-standard","has-post-thumbnail","hentry","category-nacionales"],"_links":{"self":[{"href":"https:\/\/alminutonoticia.com\/noticias\/wp-json\/wp\/v2\/posts\/11483","targetHints":{"allow":["GET"]}}],"collection":[{"href":"https:\/\/alminutonoticia.com\/noticias\/wp-json\/wp\/v2\/posts"}],"about":[{"href":"https:\/\/alminutonoticia.com\/noticias\/wp-json\/wp\/v2\/types\/post"}],"author":[{"embeddable":true,"href":"https:\/\/alminutonoticia.com\/noticias\/wp-json\/wp\/v2\/users\/3"}],"replies":[{"embeddable":true,"href":"https:\/\/alminutonoticia.com\/noticias\/wp-json\/wp\/v2\/comments?post=11483"}],"version-history":[{"count":1,"href":"https:\/\/alminutonoticia.com\/noticias\/wp-json\/wp\/v2\/posts\/11483\/revisions"}],"predecessor-version":[{"id":11485,"href":"https:\/\/alminutonoticia.com\/noticias\/wp-json\/wp\/v2\/posts\/11483\/revisions\/11485"}],"wp:featuredmedia":[{"embeddable":true,"href":"https:\/\/alminutonoticia.com\/noticias\/wp-json\/wp\/v2\/media\/11484"}],"wp:attachment":[{"href":"https:\/\/alminutonoticia.com\/noticias\/wp-json\/wp\/v2\/media?parent=11483"}],"wp:term":[{"taxonomy":"category","embeddable":true,"href":"https:\/\/alminutonoticia.com\/noticias\/wp-json\/wp\/v2\/categories?post=11483"},{"taxonomy":"post_tag","embeddable":true,"href":"https:\/\/alminutonoticia.com\/noticias\/wp-json\/wp\/v2\/tags?post=11483"}],"curies":[{"name":"wp","href":"https:\/\/api.w.org\/{rel}","templated":true}]}}