{"id":11470,"date":"2024-06-26T11:15:22","date_gmt":"2024-06-26T11:15:22","guid":{"rendered":"https:\/\/alminutonoticia.com\/noticias\/?p=11470"},"modified":"2024-06-26T11:15:24","modified_gmt":"2024-06-26T11:15:24","slug":"mas-de-20-heridos-en-accidente-de-buses-en-vacamonte","status":"publish","type":"post","link":"https:\/\/alminutonoticia.com\/noticias\/mas-de-20-heridos-en-accidente-de-buses-en-vacamonte\/","title":{"rendered":"M\u00e1s de 20 heridos en accidente de buses en Vacamonte"},"content":{"rendered":"\n<p>La ma\u00f1ana de este 25 de junio se registr\u00f3 un accidente vehicular entre dos buses tipo nevera en Altos del Tecal, Vacamonte, distrito de Arraij\u00e1n.<\/p>\n\n\n\n<p>De acuerdo a informes preliminares, 25 estudiantes que viajaban a la capital resultaron heridos. Hay cuatro de gravedad con fracturas. Estos fueron atendidos por Sume 911, Polic\u00eda Nacional y los bomberos.<\/p>\n\n\n\n<figure class=\"wp-block-image size-full\"><a href=\"https:\/\/alminutonoticia.com\/noticias\/wp-content\/uploads\/2024\/06\/GQ7MAyEXAAIT4_r.jpeg\"><img fetchpriority=\"high\" decoding=\"async\" width=\"1024\" height=\"768\" src=\"https:\/\/alminutonoticia.com\/noticias\/wp-content\/uploads\/2024\/06\/GQ7MAyEXAAIT4_r.jpeg\" alt=\"\" class=\"wp-image-11471\" title=\"\" srcset=\"https:\/\/alminutonoticia.com\/noticias\/wp-content\/uploads\/2024\/06\/GQ7MAyEXAAIT4_r.jpeg 1024w, https:\/\/alminutonoticia.com\/noticias\/wp-content\/uploads\/2024\/06\/GQ7MAyEXAAIT4_r-300x225.jpeg 300w, https:\/\/alminutonoticia.com\/noticias\/wp-content\/uploads\/2024\/06\/GQ7MAyEXAAIT4_r-768x576.jpeg 768w\" sizes=\"(max-width: 1024px) 100vw, 1024px\" \/><\/a><\/figure>\n\n\n\n<p>Ambos buses sufrieron da\u00f1os de consideraci\u00f3n por el fuerte impacto frontal.<\/p>\n\n\n\n<p>En estos momentos la Polic\u00eda de Tr\u00e1nsito investiga las causas de este accidente.<\/p>\n\n\n\n<figure class=\"wp-block-image size-full\"><a href=\"https:\/\/alminutonoticia.com\/noticias\/wp-content\/uploads\/2024\/06\/bomberils-701x470-1.jpg\"><img decoding=\"async\" width=\"701\" height=\"470\" src=\"https:\/\/alminutonoticia.com\/noticias\/wp-content\/uploads\/2024\/06\/bomberils-701x470-1.jpg\" alt=\"\" class=\"wp-image-11472\" title=\"\" srcset=\"https:\/\/alminutonoticia.com\/noticias\/wp-content\/uploads\/2024\/06\/bomberils-701x470-1.jpg 701w, https:\/\/alminutonoticia.com\/noticias\/wp-content\/uploads\/2024\/06\/bomberils-701x470-1-300x201.jpg 300w\" sizes=\"(max-width: 701px) 100vw, 701px\" \/><\/a><\/figure>\n","protected":false},"excerpt":{"rendered":"<p>La ma\u00f1ana de este 25 de junio se registr\u00f3 un accidente vehicular entre dos buses tipo nevera en Altos del Tecal, Vacamonte, distrito de Arraij\u00e1n. De acuerdo a informes preliminares, 25 estudiantes que viajaban a la capital resultaron heridos. Hay cuatro de gravedad con fracturas. Estos fueron atendidos por Sume 911, Polic\u00eda Nacional y los [&hellip;]<\/p>\n","protected":false},"author":3,"featured_media":11472,"comment_status":"open","ping_status":"open","sticky":false,"template":"","format":"standard","meta":{"footnotes":""},"categories":[36],"tags":[],"class_list":["post-11470","post","type-post","status-publish","format-standard","has-post-thumbnail","hentry","category-nacionales"],"_links":{"self":[{"href":"https:\/\/alminutonoticia.com\/noticias\/wp-json\/wp\/v2\/posts\/11470","targetHints":{"allow":["GET"]}}],"collection":[{"href":"https:\/\/alminutonoticia.com\/noticias\/wp-json\/wp\/v2\/posts"}],"about":[{"href":"https:\/\/alminutonoticia.com\/noticias\/wp-json\/wp\/v2\/types\/post"}],"author":[{"embeddable":true,"href":"https:\/\/alminutonoticia.com\/noticias\/wp-json\/wp\/v2\/users\/3"}],"replies":[{"embeddable":true,"href":"https:\/\/alminutonoticia.com\/noticias\/wp-json\/wp\/v2\/comments?post=11470"}],"version-history":[{"count":1,"href":"https:\/\/alminutonoticia.com\/noticias\/wp-json\/wp\/v2\/posts\/11470\/revisions"}],"predecessor-version":[{"id":11473,"href":"https:\/\/alminutonoticia.com\/noticias\/wp-json\/wp\/v2\/posts\/11470\/revisions\/11473"}],"wp:featuredmedia":[{"embeddable":true,"href":"https:\/\/alminutonoticia.com\/noticias\/wp-json\/wp\/v2\/media\/11472"}],"wp:attachment":[{"href":"https:\/\/alminutonoticia.com\/noticias\/wp-json\/wp\/v2\/media?parent=11470"}],"wp:term":[{"taxonomy":"category","embeddable":true,"href":"https:\/\/alminutonoticia.com\/noticias\/wp-json\/wp\/v2\/categories?post=11470"},{"taxonomy":"post_tag","embeddable":true,"href":"https:\/\/alminutonoticia.com\/noticias\/wp-json\/wp\/v2\/tags?post=11470"}],"curies":[{"name":"wp","href":"https:\/\/api.w.org\/{rel}","templated":true}]}}