{"id":11174,"date":"2024-06-11T01:45:50","date_gmt":"2024-06-11T01:45:50","guid":{"rendered":"https:\/\/alminutonoticia.com\/noticias\/?p=11174"},"modified":"2024-06-11T01:45:52","modified_gmt":"2024-06-11T01:45:52","slug":"defensoria-detecta-servicios-basicos-inconclusos-en-nuevo-carti","status":"publish","type":"post","link":"https:\/\/alminutonoticia.com\/noticias\/defensoria-detecta-servicios-basicos-inconclusos-en-nuevo-carti\/","title":{"rendered":"Defensor\u00eda detecta servicios b\u00e1sicos inconclusos en Nuevo Cart\u00ed"},"content":{"rendered":"\n<p>Salud, educaci\u00f3n, seguridad y electricidad son algunos de los servicios b\u00e1sicos con los que a\u00fan no cuentan los residentes de la comunidad de Nuevo Cart\u00ed; as\u00ed lo pudo constatar el equipo de la Defensor\u00eda del Pueblo tras realizar una inspecci\u00f3n en el sitio.<\/p>\n\n\n\n<p>El centro de salud no ha sido trasladado a tierra firme, para recibir atenci\u00f3n m\u00e9dica, se debe cruzar a la isla; la escuela a\u00fan no cuenta con los servicios b\u00e1sicos de electricidad, ni agua potable; el acueducto de la comunidad est\u00e1 en construcci\u00f3n, el agua por el momento es suministrada por cisternas; y en materia de seguridad los residentes solicitan presencia policial permanente.<\/p>\n\n\n\n<figure class=\"wp-block-image size-large\"><a href=\"https:\/\/alminutonoticia.com\/noticias\/wp-content\/uploads\/2024\/06\/WhatsApp-Image-2024-06-09-at-11.16.46-AM.jpeg\"><img fetchpriority=\"high\" decoding=\"async\" width=\"1024\" height=\"768\" src=\"https:\/\/alminutonoticia.com\/noticias\/wp-content\/uploads\/2024\/06\/WhatsApp-Image-2024-06-09-at-11.16.46-AM-1024x768.jpeg\" alt=\"\" class=\"wp-image-11175\" title=\"\" srcset=\"https:\/\/alminutonoticia.com\/noticias\/wp-content\/uploads\/2024\/06\/WhatsApp-Image-2024-06-09-at-11.16.46-AM-1024x768.jpeg 1024w, https:\/\/alminutonoticia.com\/noticias\/wp-content\/uploads\/2024\/06\/WhatsApp-Image-2024-06-09-at-11.16.46-AM-300x225.jpeg 300w, https:\/\/alminutonoticia.com\/noticias\/wp-content\/uploads\/2024\/06\/WhatsApp-Image-2024-06-09-at-11.16.46-AM-768x576.jpeg 768w, https:\/\/alminutonoticia.com\/noticias\/wp-content\/uploads\/2024\/06\/WhatsApp-Image-2024-06-09-at-11.16.46-AM-1536x1152.jpeg 1536w, https:\/\/alminutonoticia.com\/noticias\/wp-content\/uploads\/2024\/06\/WhatsApp-Image-2024-06-09-at-11.16.46-AM.jpeg 1600w\" sizes=\"(max-width: 1024px) 100vw, 1024px\" \/><\/a><\/figure>\n\n\n\n<p>El director de Asuntos Ambientales de la Defensor\u00eda del Pueblo, Bol\u00edvar Rodr\u00edguez qui\u00e9n dirigi\u00f3 la inspecci\u00f3n; recomienda la instalaci\u00f3n urgente del sistema el\u00e9ctrico, dar seguimiento constante a la planta de tratamiento de aguas residuales, desarrollo de actividades econ\u00f3micas, as\u00ed como orientaci\u00f3n en diferentes de actividades para subsistencia e institucionalizar la comunidad para que cuente con disponibilidad del Estado.<\/p>\n\n\n\n<p>Como Instituci\u00f3n Nacional de Derechos Humanos se dar\u00e1 seguimiento a los avances que se realicen para garantizar una vida digna a las personas que fueron trasladadas desde Gard\u00ed Sugdub, isla del pac\u00edfico paname\u00f1o que se est\u00e1 hundiendo producto del cambio clim\u00e1tico.<\/p>\n\n\n\n<figure class=\"wp-block-image size-full\"><a href=\"https:\/\/alminutonoticia.com\/noticias\/wp-content\/uploads\/2024\/06\/WhatsApp-Image-2024-06-09-at-11.16.47-AM.jpeg\"><img decoding=\"async\" width=\"1024\" height=\"683\" src=\"https:\/\/alminutonoticia.com\/noticias\/wp-content\/uploads\/2024\/06\/WhatsApp-Image-2024-06-09-at-11.16.47-AM.jpeg\" alt=\"\" class=\"wp-image-11176\" title=\"\" srcset=\"https:\/\/alminutonoticia.com\/noticias\/wp-content\/uploads\/2024\/06\/WhatsApp-Image-2024-06-09-at-11.16.47-AM.jpeg 1024w, https:\/\/alminutonoticia.com\/noticias\/wp-content\/uploads\/2024\/06\/WhatsApp-Image-2024-06-09-at-11.16.47-AM-300x200.jpeg 300w, https:\/\/alminutonoticia.com\/noticias\/wp-content\/uploads\/2024\/06\/WhatsApp-Image-2024-06-09-at-11.16.47-AM-768x512.jpeg 768w\" sizes=\"(max-width: 1024px) 100vw, 1024px\" \/><\/a><\/figure>\n","protected":false},"excerpt":{"rendered":"<p>Salud, educaci\u00f3n, seguridad y electricidad son algunos de los servicios b\u00e1sicos con los que a\u00fan no cuentan los residentes de la comunidad de Nuevo Cart\u00ed; as\u00ed lo pudo constatar el equipo de la Defensor\u00eda del Pueblo tras realizar una inspecci\u00f3n en el sitio. El centro de salud no ha sido trasladado a tierra firme, para [&hellip;]<\/p>\n","protected":false},"author":3,"featured_media":11176,"comment_status":"open","ping_status":"open","sticky":false,"template":"","format":"standard","meta":{"footnotes":""},"categories":[36,42],"tags":[],"class_list":["post-11174","post","type-post","status-publish","format-standard","has-post-thumbnail","hentry","category-nacionales","category-ambiente"],"_links":{"self":[{"href":"https:\/\/alminutonoticia.com\/noticias\/wp-json\/wp\/v2\/posts\/11174","targetHints":{"allow":["GET"]}}],"collection":[{"href":"https:\/\/alminutonoticia.com\/noticias\/wp-json\/wp\/v2\/posts"}],"about":[{"href":"https:\/\/alminutonoticia.com\/noticias\/wp-json\/wp\/v2\/types\/post"}],"author":[{"embeddable":true,"href":"https:\/\/alminutonoticia.com\/noticias\/wp-json\/wp\/v2\/users\/3"}],"replies":[{"embeddable":true,"href":"https:\/\/alminutonoticia.com\/noticias\/wp-json\/wp\/v2\/comments?post=11174"}],"version-history":[{"count":1,"href":"https:\/\/alminutonoticia.com\/noticias\/wp-json\/wp\/v2\/posts\/11174\/revisions"}],"predecessor-version":[{"id":11177,"href":"https:\/\/alminutonoticia.com\/noticias\/wp-json\/wp\/v2\/posts\/11174\/revisions\/11177"}],"wp:featuredmedia":[{"embeddable":true,"href":"https:\/\/alminutonoticia.com\/noticias\/wp-json\/wp\/v2\/media\/11176"}],"wp:attachment":[{"href":"https:\/\/alminutonoticia.com\/noticias\/wp-json\/wp\/v2\/media?parent=11174"}],"wp:term":[{"taxonomy":"category","embeddable":true,"href":"https:\/\/alminutonoticia.com\/noticias\/wp-json\/wp\/v2\/categories?post=11174"},{"taxonomy":"post_tag","embeddable":true,"href":"https:\/\/alminutonoticia.com\/noticias\/wp-json\/wp\/v2\/tags?post=11174"}],"curies":[{"name":"wp","href":"https:\/\/api.w.org\/{rel}","templated":true}]}}