{"id":1103,"date":"2023-02-09T11:49:10","date_gmt":"2023-02-09T11:49:10","guid":{"rendered":"https:\/\/alminutonoticia.com\/noticias\/?p=1103"},"modified":"2023-02-09T11:49:10","modified_gmt":"2023-02-09T11:49:10","slug":"arrancan-los-motores-del-carnaval-capitalino","status":"publish","type":"post","link":"https:\/\/alminutonoticia.com\/noticias\/arrancan-los-motores-del-carnaval-capitalino\/","title":{"rendered":"Arrancan los motores del Carnaval Capitalino"},"content":{"rendered":"\n<p>Al ritmo de murgas y comparsas se dio la presentaci\u00f3n oficial de la reina del \u201cCarnaval de Panam\u00e1 2023\u201d, Anubis Osorio acompa\u00f1ada por sus princesas Cristal F\u00e1brega, Mar\u00eda Syres y de las reinas del Carnaval del interior del Pa\u00eds, registr\u00e1ndose el lanzamiento oficial de fiesta del Dios Momo por parte de la Autoridad de Turismo de Panam\u00e1 (ATP), la cual se concentrar\u00e1 en la Cinta Costera 1.<\/p>\n\n\n\n<p>Iv\u00e1n Eskildsen, administrador general de la ATP, expres\u00f3 a Panorama Econ\u00f3mico Panam\u00e1 que despu\u00e9s de dos a\u00f1os de prohibiciones de eventos masivos al aire libre, regresa la fiesta de los paname\u00f1os, ya est\u00e1 lista toda la log\u00edstica para recibir a los nacionales y extranjeros que disfrutar\u00e1n de esta celebraci\u00f3n en la ciudad capital.<\/p>\n\n\n\n<p>\u00abLos carnavales son una actividad donde se refleja la alegr\u00eda y el esp\u00edritu festivo de los paname\u00f1os, que a la vez genera un gran impacto econ\u00f3mico a nivel nacional, contribuyendo a la creaci\u00f3n de empleos\u00bb.<\/p>\n\n\n\n<p>Este 2023 como en a\u00f1os anteriores se ha querido destacar el aporte de las comparsas populares, a fin de exaltarla como \u201cPatrimonio Cultural Inmaterial\u201d. Unas 23 se han inscrito para participar en los desfiles que recorrer\u00e1n desde el s\u00e1bado de carnaval la Cinta Costera 1, entre las cuales: Los Originales del Chorrillo, Comparsa Roberto Dur\u00e1n, Los Pumas de Arraij\u00e1n, Ca\u00f1a Brava, Los Jamaiquinos, Hippies de Barraza, dij\u00f3.<\/p>\n\n\n\n<p>El presupuesto de carnavales asignado a la ciudad de Panam\u00e1 es el m\u00e1s bajo en por lo menos los \u00faltimos 8 a\u00f1os. La ATP ha se\u00f1alado que llevar\u00e1 a cabo la inversi\u00f3n m\u00e1s eficiente posible con los recursos disponibles para brindar a los visitantes nacionales y extranjeros un carnaval de altura.<\/p>\n\n\n\n<p>En el recinto del Teatro La Huaca, en ATLAPA, repleto de reinas, murgas y tamborito se present\u00f3, posteriormente, S.R.M Anubis Osorio junto a su Corte Real, provocando euforia y un ambiente de carnaval, al que se unieron las reinas invitadas del interior del pa\u00eds, Col\u00f3n y Chepo.<\/p>\n\n\n\n<p>Durante los 4 d\u00edas de Carnaval Capitalino habr\u00e1 presentaciones de artistas nacionales en la tarima principal, donde se realizar\u00e1 la coronaci\u00f3n de la reina y en la tarima tropical, las cinco noches y cuatro d\u00edas de jolgorio, la ATP anunci\u00f3 que este a\u00f1o se ha contratado a un n\u00famero mayor de artistas nacionales en comparaci\u00f3n a la \u00faltima celebraci\u00f3n del carnaval en el 2020.<\/p>\n\n\n\n<p>Entre los int\u00e9rpretes figuran Rigo El Negro, Salsa Proyect, Alejandro Torres, Jonathan Ch\u00e1vez, Samy y Sandra Sandoval, Nenito Vargas, Ulpiano Vergara, Manuel y Abdiel, Toti Pino; mientras que del g\u00e9nero urbano: Mr Saik, Comando Tibur\u00f3n, Eddy Lover, Dubsky, Italian Somali,Jordan, Barbel, BCA, Tachi, El Roockiie y Anyuri entre otros.<\/p>\n\n\n\n<p>El show art\u00edstico iniciar\u00e1 a las 8:00 p.m. y culminar\u00e1 a las 4:00 de la madrugada, en la tarima principal y la tropical, desde el viernes 17 al martes 21 de febrero.<\/p>\n\n\n\n<p>Los culecos se realizar\u00e1n de 10:00 a.m. a 4:00 p.m, con cuatro carros cisterna, que tendr\u00e1n que pasar por el proceso de verificaci\u00f3n que exige el Ministerio de Salud (MINSA), a fin de que se cumpla con las normas de abastecimiento de agua de los sitios autorizados por el Ministerio de Ambiente.<\/p>\n\n\n\n<p>En tanto, los desfiles iniciar\u00e1n a la 5:00 p.m., partiendo del Mercado del Marisco retornando por calle 29 Este hasta calle 25 avenida Balboa para retornar por la Cinta Costera en direcci\u00f3n a Paitilla.<\/p>\n\n\n\n<p>Para la venta de comida y bebidas se ubicar\u00e1, en la Cinta Costera 1, los 70 kioscos que resultaron beneficiados en el sorteo realizado por la ATP esta semana en ATLAPA. El MINSA supervisar\u00e1 la inocuidad de los alimentos en estos puestos de expendio de alimentos.<\/p>\n\n\n\n<p>El Gobierno Nacional, mediante el Decreto Ejecutivo #19 de 19 de diciembre de 2022 oficializ\u00f3 la celebraci\u00f3n en territorio nacional del carnaval 2023 .<\/p>\n\n\n\n<p>Se ha organizado un carnaval para que la gente disfrute sanamente y con la seguridad de la Fuerza de Tarea Conjunta, que estar\u00e1 desplegada por todo el pa\u00eds.<\/p>\n\n\n\n<figure class=\"wp-block-image size-full\"><a href=\"https:\/\/alminutonoticia.com\/noticias\/wp-content\/uploads\/2023\/02\/WhatsApp-Image-2023-02-08-at-8.51.52-PM-1024x684-1.jpeg\"><img fetchpriority=\"high\" decoding=\"async\" width=\"1024\" height=\"684\" src=\"https:\/\/alminutonoticia.com\/noticias\/wp-content\/uploads\/2023\/02\/WhatsApp-Image-2023-02-08-at-8.51.52-PM-1024x684-1.jpeg\" alt=\"\" class=\"wp-image-1104\" title=\"\" srcset=\"https:\/\/alminutonoticia.com\/noticias\/wp-content\/uploads\/2023\/02\/WhatsApp-Image-2023-02-08-at-8.51.52-PM-1024x684-1.jpeg 1024w, https:\/\/alminutonoticia.com\/noticias\/wp-content\/uploads\/2023\/02\/WhatsApp-Image-2023-02-08-at-8.51.52-PM-1024x684-1-300x200.jpeg 300w, https:\/\/alminutonoticia.com\/noticias\/wp-content\/uploads\/2023\/02\/WhatsApp-Image-2023-02-08-at-8.51.52-PM-1024x684-1-768x513.jpeg 768w\" sizes=\"(max-width: 1024px) 100vw, 1024px\" \/><\/a><\/figure>\n\n\n\n<figure class=\"wp-block-image size-full\"><a href=\"https:\/\/alminutonoticia.com\/noticias\/wp-content\/uploads\/2023\/02\/WhatsApp-Image-2023-02-08-at-8.53.08-PM-1024x768-1.jpeg\"><img decoding=\"async\" width=\"1024\" height=\"768\" src=\"https:\/\/alminutonoticia.com\/noticias\/wp-content\/uploads\/2023\/02\/WhatsApp-Image-2023-02-08-at-8.53.08-PM-1024x768-1.jpeg\" alt=\"\" class=\"wp-image-1105\" title=\"\" srcset=\"https:\/\/alminutonoticia.com\/noticias\/wp-content\/uploads\/2023\/02\/WhatsApp-Image-2023-02-08-at-8.53.08-PM-1024x768-1.jpeg 1024w, https:\/\/alminutonoticia.com\/noticias\/wp-content\/uploads\/2023\/02\/WhatsApp-Image-2023-02-08-at-8.53.08-PM-1024x768-1-300x225.jpeg 300w, https:\/\/alminutonoticia.com\/noticias\/wp-content\/uploads\/2023\/02\/WhatsApp-Image-2023-02-08-at-8.53.08-PM-1024x768-1-768x576.jpeg 768w\" sizes=\"(max-width: 1024px) 100vw, 1024px\" \/><\/a><\/figure>\n\n\n\n<figure class=\"wp-block-image size-full\"><a href=\"https:\/\/alminutonoticia.com\/noticias\/wp-content\/uploads\/2023\/02\/WhatsApp-Image-2023-02-08-at-8.53.03-PM-1024x577-1.jpeg\"><img decoding=\"async\" width=\"1024\" height=\"577\" src=\"https:\/\/alminutonoticia.com\/noticias\/wp-content\/uploads\/2023\/02\/WhatsApp-Image-2023-02-08-at-8.53.03-PM-1024x577-1.jpeg\" alt=\"\" class=\"wp-image-1106\" title=\"\" srcset=\"https:\/\/alminutonoticia.com\/noticias\/wp-content\/uploads\/2023\/02\/WhatsApp-Image-2023-02-08-at-8.53.03-PM-1024x577-1.jpeg 1024w, https:\/\/alminutonoticia.com\/noticias\/wp-content\/uploads\/2023\/02\/WhatsApp-Image-2023-02-08-at-8.53.03-PM-1024x577-1-300x169.jpeg 300w, https:\/\/alminutonoticia.com\/noticias\/wp-content\/uploads\/2023\/02\/WhatsApp-Image-2023-02-08-at-8.53.03-PM-1024x577-1-768x433.jpeg 768w\" sizes=\"(max-width: 1024px) 100vw, 1024px\" \/><\/a><\/figure>\n\n\n","protected":false},"excerpt":{"rendered":"<p>Al ritmo de murgas y comparsas se dio la presentaci\u00f3n oficial de la reina del \u201cCarnaval de Panam\u00e1 2023\u201d, Anubis Osorio acompa\u00f1ada por sus princesas Cristal F\u00e1brega, Mar\u00eda Syres y de las reinas del Carnaval del interior del Pa\u00eds, registr\u00e1ndose el lanzamiento oficial de fiesta del Dios Momo por parte de la Autoridad de Turismo [&hellip;]<\/p>\n","protected":false},"author":3,"featured_media":1104,"comment_status":"open","ping_status":"open","sticky":false,"template":"","format":"standard","meta":{"footnotes":""},"categories":[41,36],"tags":[],"class_list":["post-1103","post","type-post","status-publish","format-standard","has-post-thumbnail","hentry","category-cultura-y-farandula","category-nacionales"],"_links":{"self":[{"href":"https:\/\/alminutonoticia.com\/noticias\/wp-json\/wp\/v2\/posts\/1103","targetHints":{"allow":["GET"]}}],"collection":[{"href":"https:\/\/alminutonoticia.com\/noticias\/wp-json\/wp\/v2\/posts"}],"about":[{"href":"https:\/\/alminutonoticia.com\/noticias\/wp-json\/wp\/v2\/types\/post"}],"author":[{"embeddable":true,"href":"https:\/\/alminutonoticia.com\/noticias\/wp-json\/wp\/v2\/users\/3"}],"replies":[{"embeddable":true,"href":"https:\/\/alminutonoticia.com\/noticias\/wp-json\/wp\/v2\/comments?post=1103"}],"version-history":[{"count":1,"href":"https:\/\/alminutonoticia.com\/noticias\/wp-json\/wp\/v2\/posts\/1103\/revisions"}],"predecessor-version":[{"id":1107,"href":"https:\/\/alminutonoticia.com\/noticias\/wp-json\/wp\/v2\/posts\/1103\/revisions\/1107"}],"wp:featuredmedia":[{"embeddable":true,"href":"https:\/\/alminutonoticia.com\/noticias\/wp-json\/wp\/v2\/media\/1104"}],"wp:attachment":[{"href":"https:\/\/alminutonoticia.com\/noticias\/wp-json\/wp\/v2\/media?parent=1103"}],"wp:term":[{"taxonomy":"category","embeddable":true,"href":"https:\/\/alminutonoticia.com\/noticias\/wp-json\/wp\/v2\/categories?post=1103"},{"taxonomy":"post_tag","embeddable":true,"href":"https:\/\/alminutonoticia.com\/noticias\/wp-json\/wp\/v2\/tags?post=1103"}],"curies":[{"name":"wp","href":"https:\/\/api.w.org\/{rel}","templated":true}]}}