{"id":1074,"date":"2023-02-07T12:22:14","date_gmt":"2023-02-07T12:22:14","guid":{"rendered":"https:\/\/alminutonoticia.com\/noticias\/?p=1074"},"modified":"2023-02-07T12:35:54","modified_gmt":"2023-02-07T12:35:54","slug":"canal-de-panama-se-refiere-al-posible-transito-de-buques-militares-de-iran","status":"publish","type":"post","link":"https:\/\/alminutonoticia.com\/noticias\/canal-de-panama-se-refiere-al-posible-transito-de-buques-militares-de-iran\/","title":{"rendered":"Canal de Panam\u00e1 se refiere al posible tr\u00e1nsito de &#8216;buques militares de Ir\u00e1n&#8217;"},"content":{"rendered":"\n<p><strong>La Autoridad del Canal de Panam\u00e1 (ACP)&nbsp;<\/strong>emiti\u00f3 un<a href=\"https:\/\/pancanal.com\/es\/comunicado-posible-transito-buques-iran\/\" target=\"_blank\" rel=\"noopener\">&nbsp;comunicado<\/a>&nbsp;sobre las informaciones que hablan del posible tr\u00e1nsito de buques militares de Ir\u00e1n por la v\u00eda interoce\u00e1nica.<\/p>\n\n\n\n<p><em>\u201cCon respecto a las publicaciones aparecidas en diarios nacionales e internacionales sobre el posible tr\u00e1nsito de buques militares de Ir\u00e1n por el&nbsp;<\/em><a href=\"https:\/\/es.wikipedia.org\/wiki\/Canal_de_Panam%C3%A1\" target=\"_blank\" rel=\"noopener\"><em>Canal de Panam\u00e1<\/em><\/a><em>, la Autoridad del Canal de Panam\u00e1 &nbsp;aclara que, se mantiene en cumplimiento de las obligaciones internacionales derivadas de los tratados firmados y ratificados por la Rep\u00fablica de Panam\u00e1 y la disposiciones contenidas en la Constituci\u00f3n Pol\u00edtica de la Rep\u00fablica de Panam\u00e1, la Ley org\u00e1nica de la ACP y dem\u00e1s normas reglamentarias que regulan el tr\u00e1nsito de buques por la v\u00eda interoce\u00e1nica\u201d,<\/em>&nbsp;indic\u00f3 la Autoridad del Canal en comunicado.<\/p>\n\n\n\n<p>La<a href=\"https:\/\/pancanal.com\/es\/\" target=\"_blank\" rel=\"noopener\">&nbsp;Autoridad del Canal de Panam\u00e1<\/a>, se\u00f1al\u00f3 que, el \u201cTratado Concerniente a la Neutralidad Permanente firmado entre Panam\u00e1 y los Estados Unidos de Am\u00e9rica en 1977 y al cual se han adherido 40 pa\u00edses del mundo establece expresamente que&nbsp;<strong>Panam\u00e1 declara la neutralidad del Canal, para que, tanto en tiempos de paz como en tiempos de guerra, permanezca seguro y abierto para el tr\u00e1nsito pac\u00edfico de las naves de todas las naciones del mundo en t\u00e9rminos de entera igualdad\u201d<\/strong><\/p>\n\n\n\n<p><strong>Para el tr\u00e1nsito de naves la Autoridad del Canal se\u00f1al\u00f3 que los requisitos son:<\/strong><\/p>\n\n\n\n<ol class=\"wp-block-list\">\n<li>Cumplan con todas las regulaciones, requisitos y normas establecidas por la v\u00eda interoce\u00e1nica para garantizar su tr\u00e1nsito seguro.<\/li>\n\n\n\n<li>Se realice previamente al tr\u00e1nsito el pago del peaje correspondiente al tipo de nave.<\/li>\n\n\n\n<li>Los buques no cometan actos de hostilidad mientras estuvieren en el Canal.<\/li>\n<\/ol>\n\n\n\n<p>Todo buque debe cumplir con las disposiciones referentes al paso inocente al ingresar a aguas nacionales de la Rep\u00fablica de Panam\u00e1, tal y como se establece en la Secci\u00f3n 3 de la Convenci\u00f3n de las Naciones Unidas sobre el Derecho del Mar de 1982, indic\u00f3 la ACP.<\/p>\n\n\n\n<p><strong>\u201cCon base a la normativa anteriormente citada, la Autoridad del Canal de Panam\u00e1 tiene la obligaci\u00f3n de permitir el paso de cualquier buque que cumpla con todos estos requisitos\u201d<\/strong>, dijo la ACP.<\/p>\n\n\n\n<p>La Autoridad finaliza su comunicado diciendo que&nbsp;<em>\u201cel Canal de Panam\u00e1 vela regularmente, y como parte de su operaci\u00f3n cotidiana, porque las embarcaciones que desean transitar por esta v\u00eda cumplan con todos estos requisitos y de acuerdo con los lineamientos operativos que aplican para los m\u00e1s de 13 mil tr\u00e1nsitos al a\u00f1o que hace el Canal\u201d.<\/em><\/p>\n\n\n\n<figure class=\"wp-block-image size-large\"><a href=\"https:\/\/alminutonoticia.com\/noticias\/wp-content\/uploads\/2023\/02\/34edd7a7-6e9e-4f2b-a02a-763caad9c45e_16-9-aspect-ratio_1200w_0-1.webp\"><img fetchpriority=\"high\" decoding=\"async\" width=\"1024\" height=\"576\" src=\"https:\/\/alminutonoticia.com\/noticias\/wp-content\/uploads\/2023\/02\/34edd7a7-6e9e-4f2b-a02a-763caad9c45e_16-9-aspect-ratio_1200w_0-1-1024x576.webp\" alt=\"\" class=\"wp-image-1075\" title=\"\" srcset=\"https:\/\/alminutonoticia.com\/noticias\/wp-content\/uploads\/2023\/02\/34edd7a7-6e9e-4f2b-a02a-763caad9c45e_16-9-aspect-ratio_1200w_0-1-1024x576.webp 1024w, https:\/\/alminutonoticia.com\/noticias\/wp-content\/uploads\/2023\/02\/34edd7a7-6e9e-4f2b-a02a-763caad9c45e_16-9-aspect-ratio_1200w_0-1-300x169.webp 300w, https:\/\/alminutonoticia.com\/noticias\/wp-content\/uploads\/2023\/02\/34edd7a7-6e9e-4f2b-a02a-763caad9c45e_16-9-aspect-ratio_1200w_0-1-768x432.webp 768w, https:\/\/alminutonoticia.com\/noticias\/wp-content\/uploads\/2023\/02\/34edd7a7-6e9e-4f2b-a02a-763caad9c45e_16-9-aspect-ratio_1200w_0-1.webp 1200w\" sizes=\"(max-width: 1024px) 100vw, 1024px\" \/><\/a><\/figure>\n","protected":false},"excerpt":{"rendered":"<p>La Autoridad del Canal de Panam\u00e1 (ACP)&nbsp;emiti\u00f3 un&nbsp;comunicado&nbsp;sobre las informaciones que hablan del posible tr\u00e1nsito de buques militares de Ir\u00e1n por la v\u00eda interoce\u00e1nica. \u201cCon respecto a las publicaciones aparecidas en diarios nacionales e internacionales sobre el posible tr\u00e1nsito de buques militares de Ir\u00e1n por el&nbsp;Canal de Panam\u00e1, la Autoridad del Canal de Panam\u00e1 &nbsp;aclara [&hellip;]<\/p>\n","protected":false},"author":3,"featured_media":1075,"comment_status":"open","ping_status":"open","sticky":false,"template":"","format":"standard","meta":{"footnotes":""},"categories":[39,36],"tags":[],"class_list":["post-1074","post","type-post","status-publish","format-standard","has-post-thumbnail","hentry","category-internacionales","category-nacionales"],"_links":{"self":[{"href":"https:\/\/alminutonoticia.com\/noticias\/wp-json\/wp\/v2\/posts\/1074","targetHints":{"allow":["GET"]}}],"collection":[{"href":"https:\/\/alminutonoticia.com\/noticias\/wp-json\/wp\/v2\/posts"}],"about":[{"href":"https:\/\/alminutonoticia.com\/noticias\/wp-json\/wp\/v2\/types\/post"}],"author":[{"embeddable":true,"href":"https:\/\/alminutonoticia.com\/noticias\/wp-json\/wp\/v2\/users\/3"}],"replies":[{"embeddable":true,"href":"https:\/\/alminutonoticia.com\/noticias\/wp-json\/wp\/v2\/comments?post=1074"}],"version-history":[{"count":2,"href":"https:\/\/alminutonoticia.com\/noticias\/wp-json\/wp\/v2\/posts\/1074\/revisions"}],"predecessor-version":[{"id":1080,"href":"https:\/\/alminutonoticia.com\/noticias\/wp-json\/wp\/v2\/posts\/1074\/revisions\/1080"}],"wp:featuredmedia":[{"embeddable":true,"href":"https:\/\/alminutonoticia.com\/noticias\/wp-json\/wp\/v2\/media\/1075"}],"wp:attachment":[{"href":"https:\/\/alminutonoticia.com\/noticias\/wp-json\/wp\/v2\/media?parent=1074"}],"wp:term":[{"taxonomy":"category","embeddable":true,"href":"https:\/\/alminutonoticia.com\/noticias\/wp-json\/wp\/v2\/categories?post=1074"},{"taxonomy":"post_tag","embeddable":true,"href":"https:\/\/alminutonoticia.com\/noticias\/wp-json\/wp\/v2\/tags?post=1074"}],"curies":[{"name":"wp","href":"https:\/\/api.w.org\/{rel}","templated":true}]}}