{"id":10432,"date":"2024-04-23T00:59:23","date_gmt":"2024-04-23T00:59:23","guid":{"rendered":"https:\/\/alminutonoticia.com\/noticias\/?p=10432"},"modified":"2024-04-23T00:59:25","modified_gmt":"2024-04-23T00:59:25","slug":"panama-llama-a-consultas-a-su-embajador-en-nicaragua-por-caso-martinelli","status":"publish","type":"post","link":"https:\/\/alminutonoticia.com\/noticias\/panama-llama-a-consultas-a-su-embajador-en-nicaragua-por-caso-martinelli\/","title":{"rendered":"Panam\u00e1 llama a consultas a su Embajador en Nicaragua por caso Martinelli"},"content":{"rendered":"\n<p>La Rep\u00fablica de Panam\u00e1, mediante notas DM-MIRE-2024-013186 de 9 de febrero de 2024, DM-MIRE-2024-016985 de 27 de febrero de 2024, DPCE\/D-MIRE-2024-020495 de 8 de marzo de 2024 y DM-MIRE-2024-022011 de 18 de marzo de 2024, expres\u00f3 y reiter\u00f3 su m\u00e1s en\u00e9rgica protesta ante la Rep\u00fablica de Nicaragua, al permitir que, al amparo de una supuesta protecci\u00f3n, que es ilegal de conformidad con el derecho internacional, el se\u00f1or Ricardo Alberto Martinelli Berrocal ha mantenido y desplegado acciones desde su sede diplom\u00e1tica en Panam\u00e1, con fines pol\u00edtico-partidista.<\/p>\n\n\n\n<p><br>La Rep\u00fablica de Panam\u00e1 a trav\u00e9s de un comunicado de Canciller\u00eda, se\u00f1al\u00f3 que se siente verdaderamente afectada en su integridad territorial por la actitud permisiva de la Rep\u00fablica de Nicaragua que viola flagrantemente y de manera reiterada normas fundamentales del derecho internacional.<\/p>\n\n\n\n<p><br>La Rep\u00fablica de Panam\u00e1 tiene a bien informar a la Rep\u00fablica de Nicaragua, su decisi\u00f3n de llamar a consultas al Embajador paname\u00f1o, a partir de la fecha de recepci\u00f3n de la presente comunicaci\u00f3n.<\/p>\n\n\n\n<p><br>La Rep\u00fablica de Panam\u00e1 exigi\u00f3 a la Rep\u00fablica de Nicaragua, el cumplimiento de sus obligaciones internacionales.<\/p>\n\n\n\n<figure class=\"wp-block-image size-full\"><a href=\"https:\/\/alminutonoticia.com\/noticias\/wp-content\/uploads\/2024\/04\/d54912f2ea42818e006e392a7956399a-770x470-1.jpg\"><img fetchpriority=\"high\" decoding=\"async\" width=\"770\" height=\"470\" src=\"https:\/\/alminutonoticia.com\/noticias\/wp-content\/uploads\/2024\/04\/d54912f2ea42818e006e392a7956399a-770x470-1.jpg\" alt=\"\" class=\"wp-image-10433\" title=\"\" srcset=\"https:\/\/alminutonoticia.com\/noticias\/wp-content\/uploads\/2024\/04\/d54912f2ea42818e006e392a7956399a-770x470-1.jpg 770w, https:\/\/alminutonoticia.com\/noticias\/wp-content\/uploads\/2024\/04\/d54912f2ea42818e006e392a7956399a-770x470-1-300x183.jpg 300w, https:\/\/alminutonoticia.com\/noticias\/wp-content\/uploads\/2024\/04\/d54912f2ea42818e006e392a7956399a-770x470-1-768x469.jpg 768w\" sizes=\"(max-width: 770px) 100vw, 770px\" \/><\/a><\/figure>\n","protected":false},"excerpt":{"rendered":"<p>La Rep\u00fablica de Panam\u00e1, mediante notas DM-MIRE-2024-013186 de 9 de febrero de 2024, DM-MIRE-2024-016985 de 27 de febrero de 2024, DPCE\/D-MIRE-2024-020495 de 8 de marzo de 2024 y DM-MIRE-2024-022011 de 18 de marzo de 2024, expres\u00f3 y reiter\u00f3 su m\u00e1s en\u00e9rgica protesta ante la Rep\u00fablica de Nicaragua, al permitir que, al amparo de una supuesta [&hellip;]<\/p>\n","protected":false},"author":3,"featured_media":10433,"comment_status":"open","ping_status":"open","sticky":false,"template":"","format":"standard","meta":{"footnotes":""},"categories":[36],"tags":[],"class_list":["post-10432","post","type-post","status-publish","format-standard","has-post-thumbnail","hentry","category-nacionales"],"_links":{"self":[{"href":"https:\/\/alminutonoticia.com\/noticias\/wp-json\/wp\/v2\/posts\/10432","targetHints":{"allow":["GET"]}}],"collection":[{"href":"https:\/\/alminutonoticia.com\/noticias\/wp-json\/wp\/v2\/posts"}],"about":[{"href":"https:\/\/alminutonoticia.com\/noticias\/wp-json\/wp\/v2\/types\/post"}],"author":[{"embeddable":true,"href":"https:\/\/alminutonoticia.com\/noticias\/wp-json\/wp\/v2\/users\/3"}],"replies":[{"embeddable":true,"href":"https:\/\/alminutonoticia.com\/noticias\/wp-json\/wp\/v2\/comments?post=10432"}],"version-history":[{"count":1,"href":"https:\/\/alminutonoticia.com\/noticias\/wp-json\/wp\/v2\/posts\/10432\/revisions"}],"predecessor-version":[{"id":10434,"href":"https:\/\/alminutonoticia.com\/noticias\/wp-json\/wp\/v2\/posts\/10432\/revisions\/10434"}],"wp:featuredmedia":[{"embeddable":true,"href":"https:\/\/alminutonoticia.com\/noticias\/wp-json\/wp\/v2\/media\/10433"}],"wp:attachment":[{"href":"https:\/\/alminutonoticia.com\/noticias\/wp-json\/wp\/v2\/media?parent=10432"}],"wp:term":[{"taxonomy":"category","embeddable":true,"href":"https:\/\/alminutonoticia.com\/noticias\/wp-json\/wp\/v2\/categories?post=10432"},{"taxonomy":"post_tag","embeddable":true,"href":"https:\/\/alminutonoticia.com\/noticias\/wp-json\/wp\/v2\/tags?post=10432"}],"curies":[{"name":"wp","href":"https:\/\/api.w.org\/{rel}","templated":true}]}}