{"id":10425,"date":"2024-04-23T00:50:33","date_gmt":"2024-04-23T00:50:33","guid":{"rendered":"https:\/\/alminutonoticia.com\/noticias\/?p=10425"},"modified":"2024-04-23T00:50:35","modified_gmt":"2024-04-23T00:50:35","slug":"willie-consolida-alianza-con-candidatos-independientes-para-transformar-la-ciudad","status":"publish","type":"post","link":"https:\/\/alminutonoticia.com\/noticias\/willie-consolida-alianza-con-candidatos-independientes-para-transformar-la-ciudad\/","title":{"rendered":"Willie consolida alianza con candidatos independientes para transformar la ciudad"},"content":{"rendered":"\n<p>Hoy, candidatos independientes comprometidos con el cambio se unen a la candidatura de Willie Berm\u00fadez y Luis Casis para la Alcald\u00eda de Panam\u00e1.<\/p>\n\n\n\n<p>En una conferencia de prensa, Willie explic\u00f3 que este compromiso establece principios de rendici\u00f3n de cuentas, transparencia administrativa y gesti\u00f3n participativa. Adem\u00e1s, se han delineado acciones inmediatas como la limpieza de basura en los primeros 100 d\u00edas y la implementaci\u00f3n de hospitales de mascotas y redes de nuevas escuelas en diversos sectores de la ciudad.<\/p>\n\n\n\n<p>Arielis Barr\u00eda, candidata a representante de Tocumen por la agrupaci\u00f3n Independiente Vamos y la m\u00e1s joven a nivel nacional, destac\u00f3 que esta alianza busca transformar la ciudad y ofrecer soluciones reales a los ciudadanos del distrito. Est\u00e1 consciente de que la actual alcald\u00eda est\u00e1 dejando a los ciudadanos paname\u00f1os en total abandono.<\/p>\n\n\n\n<figure class=\"wp-block-image size-full\"><a href=\"https:\/\/alminutonoticia.com\/noticias\/wp-content\/uploads\/2024\/04\/IMG-20240422-WA0133-1024x775-1.jpg\"><img fetchpriority=\"high\" decoding=\"async\" width=\"1024\" height=\"775\" src=\"https:\/\/alminutonoticia.com\/noticias\/wp-content\/uploads\/2024\/04\/IMG-20240422-WA0133-1024x775-1.jpg\" alt=\"\" class=\"wp-image-10426\" title=\"\" srcset=\"https:\/\/alminutonoticia.com\/noticias\/wp-content\/uploads\/2024\/04\/IMG-20240422-WA0133-1024x775-1.jpg 1024w, https:\/\/alminutonoticia.com\/noticias\/wp-content\/uploads\/2024\/04\/IMG-20240422-WA0133-1024x775-1-300x227.jpg 300w, https:\/\/alminutonoticia.com\/noticias\/wp-content\/uploads\/2024\/04\/IMG-20240422-WA0133-1024x775-1-768x581.jpg 768w\" sizes=\"(max-width: 1024px) 100vw, 1024px\" \/><\/a><\/figure>\n\n\n\n<p>La alcald\u00eda parece m\u00e1s una caja menuda pol\u00edtica del actual alcalde y eso no puede seguir. Vamos a lograr unificar todos los corregimientos para lograr una sola Panam\u00e1, ordenada, segura, moderna, incluyente, TRANSPARENTE con oportunidades para todos.<\/p>\n\n\n\n<p>Los candidatos independientes reconocen que Willie y Casis son el \u00fanico equipo con un plan s\u00f3lido para recuperar la ciudad. Necesitamos un liderazgo correcto y transparente en la Alcald\u00eda y Vicealcald\u00eda.<\/p>\n\n\n\n<figure class=\"wp-block-image size-full\"><a href=\"https:\/\/alminutonoticia.com\/noticias\/wp-content\/uploads\/2024\/04\/IMG-20240422-WA0136-770x470-1.jpg\"><img decoding=\"async\" width=\"770\" height=\"470\" src=\"https:\/\/alminutonoticia.com\/noticias\/wp-content\/uploads\/2024\/04\/IMG-20240422-WA0136-770x470-1.jpg\" alt=\"\" class=\"wp-image-10427\" title=\"\" srcset=\"https:\/\/alminutonoticia.com\/noticias\/wp-content\/uploads\/2024\/04\/IMG-20240422-WA0136-770x470-1.jpg 770w, https:\/\/alminutonoticia.com\/noticias\/wp-content\/uploads\/2024\/04\/IMG-20240422-WA0136-770x470-1-300x183.jpg 300w, https:\/\/alminutonoticia.com\/noticias\/wp-content\/uploads\/2024\/04\/IMG-20240422-WA0136-770x470-1-768x469.jpg 768w\" sizes=\"(max-width: 770px) 100vw, 770px\" \/><\/a><\/figure>\n","protected":false},"excerpt":{"rendered":"<p>Hoy, candidatos independientes comprometidos con el cambio se unen a la candidatura de Willie Berm\u00fadez y Luis Casis para la Alcald\u00eda de Panam\u00e1. En una conferencia de prensa, Willie explic\u00f3 que este compromiso establece principios de rendici\u00f3n de cuentas, transparencia administrativa y gesti\u00f3n participativa. Adem\u00e1s, se han delineado acciones inmediatas como la limpieza de basura [&hellip;]<\/p>\n","protected":false},"author":3,"featured_media":10427,"comment_status":"open","ping_status":"open","sticky":false,"template":"","format":"standard","meta":{"footnotes":""},"categories":[37,36],"tags":[],"class_list":["post-10425","post","type-post","status-publish","format-standard","has-post-thumbnail","hentry","category-politica","category-nacionales"],"_links":{"self":[{"href":"https:\/\/alminutonoticia.com\/noticias\/wp-json\/wp\/v2\/posts\/10425","targetHints":{"allow":["GET"]}}],"collection":[{"href":"https:\/\/alminutonoticia.com\/noticias\/wp-json\/wp\/v2\/posts"}],"about":[{"href":"https:\/\/alminutonoticia.com\/noticias\/wp-json\/wp\/v2\/types\/post"}],"author":[{"embeddable":true,"href":"https:\/\/alminutonoticia.com\/noticias\/wp-json\/wp\/v2\/users\/3"}],"replies":[{"embeddable":true,"href":"https:\/\/alminutonoticia.com\/noticias\/wp-json\/wp\/v2\/comments?post=10425"}],"version-history":[{"count":1,"href":"https:\/\/alminutonoticia.com\/noticias\/wp-json\/wp\/v2\/posts\/10425\/revisions"}],"predecessor-version":[{"id":10428,"href":"https:\/\/alminutonoticia.com\/noticias\/wp-json\/wp\/v2\/posts\/10425\/revisions\/10428"}],"wp:featuredmedia":[{"embeddable":true,"href":"https:\/\/alminutonoticia.com\/noticias\/wp-json\/wp\/v2\/media\/10427"}],"wp:attachment":[{"href":"https:\/\/alminutonoticia.com\/noticias\/wp-json\/wp\/v2\/media?parent=10425"}],"wp:term":[{"taxonomy":"category","embeddable":true,"href":"https:\/\/alminutonoticia.com\/noticias\/wp-json\/wp\/v2\/categories?post=10425"},{"taxonomy":"post_tag","embeddable":true,"href":"https:\/\/alminutonoticia.com\/noticias\/wp-json\/wp\/v2\/tags?post=10425"}],"curies":[{"name":"wp","href":"https:\/\/api.w.org\/{rel}","templated":true}]}}