{"id":1023,"date":"2023-02-03T11:24:04","date_gmt":"2023-02-03T11:24:04","guid":{"rendered":"https:\/\/alminutonoticia.com\/noticias\/?p=1023"},"modified":"2023-02-03T11:35:34","modified_gmt":"2023-02-03T11:35:34","slug":"inauguran-nueva-sede-policial-en-la-provincia-de-colon","status":"publish","type":"post","link":"https:\/\/alminutonoticia.com\/noticias\/inauguran-nueva-sede-policial-en-la-provincia-de-colon\/","title":{"rendered":"Inauguran nueva sede policial en la provincia de Col\u00f3n"},"content":{"rendered":"\n<p>Con el objetivo de brindarle a los residentes y visitantes de la provincia de Col\u00f3n la atenci\u00f3n que se merecen, este jueves 2 de febrero se realiz\u00f3 la inauguraci\u00f3n del nuevo edificio que fungir\u00e1 como sede de la 3ra. Zona Policial en la provincia de Col\u00f3n.<\/p>\n\n\n\n<p>Se trata de un moderno edificio que cuenta con cuatro plantas, elevador, sistema de aire acondicionado central, ba\u00f1os higi\u00e9nicos para las unidades, amplios estacionamientos, adem\u00e1s de secciones con oficinas para los diversos servicios policiales de la provincia.<\/p>\n\n\n\n<p>Esta nueva instalaci\u00f3n es un proyecto insignia, que forma parte de las estrategias de seguridad enfocadas en la provincia, donde se busca construir un ambiente de paz y abriendo espacios de nuevas oportunidades para los j\u00f3venes y ni\u00f1os.<\/p>\n\n\n\n<p>El acto formal cont\u00f3 con la presencia del excelent\u00edsimo se\u00f1or presidente de la Rep\u00fablica Laurentino Cortizo Cohen, el Ministro de Seguridad Juan Manuel Pino, el Viceministro Igor Pitty, el Director General de la Polic\u00eda Nacional John Dornheim, el Subdirector Sim\u00f3n Henr\u00edquez, miembros del Directorio Policial as\u00ed como del Jefe Encargado de la 3ra. Zona Policial de Col\u00f3n Subcomisionado Herm\u00f3genes Arguelles, y otras autoridades de la Costa Atl\u00e1ntica.<\/p>\n\n\n\n<figure class=\"wp-block-image size-large\"><a href=\"https:\/\/alminutonoticia.com\/noticias\/wp-content\/uploads\/2023\/02\/WhatsApp-Image-2023-02-02-at-10.29.27-AM.jpeg\"><img fetchpriority=\"high\" decoding=\"async\" width=\"1024\" height=\"682\" src=\"https:\/\/alminutonoticia.com\/noticias\/wp-content\/uploads\/2023\/02\/WhatsApp-Image-2023-02-02-at-10.29.27-AM-1024x682.jpeg\" alt=\"\" class=\"wp-image-1024\" title=\"\" srcset=\"https:\/\/alminutonoticia.com\/noticias\/wp-content\/uploads\/2023\/02\/WhatsApp-Image-2023-02-02-at-10.29.27-AM-1024x682.jpeg 1024w, https:\/\/alminutonoticia.com\/noticias\/wp-content\/uploads\/2023\/02\/WhatsApp-Image-2023-02-02-at-10.29.27-AM-300x200.jpeg 300w, https:\/\/alminutonoticia.com\/noticias\/wp-content\/uploads\/2023\/02\/WhatsApp-Image-2023-02-02-at-10.29.27-AM-768x512.jpeg 768w, https:\/\/alminutonoticia.com\/noticias\/wp-content\/uploads\/2023\/02\/WhatsApp-Image-2023-02-02-at-10.29.27-AM-1536x1023.jpeg 1536w, https:\/\/alminutonoticia.com\/noticias\/wp-content\/uploads\/2023\/02\/WhatsApp-Image-2023-02-02-at-10.29.27-AM.jpeg 1600w\" sizes=\"(max-width: 1024px) 100vw, 1024px\" \/><\/a><\/figure>\n\n\n\n<figure class=\"wp-block-image size-large\"><a href=\"https:\/\/alminutonoticia.com\/noticias\/wp-content\/uploads\/2023\/02\/WhatsApp-Image-2023-02-02-at-10.29.24-AM-2.jpeg\"><img decoding=\"async\" width=\"1024\" height=\"683\" src=\"https:\/\/alminutonoticia.com\/noticias\/wp-content\/uploads\/2023\/02\/WhatsApp-Image-2023-02-02-at-10.29.24-AM-2-1024x683.jpeg\" alt=\"\" class=\"wp-image-1025\" title=\"\" srcset=\"https:\/\/alminutonoticia.com\/noticias\/wp-content\/uploads\/2023\/02\/WhatsApp-Image-2023-02-02-at-10.29.24-AM-2-1024x683.jpeg 1024w, https:\/\/alminutonoticia.com\/noticias\/wp-content\/uploads\/2023\/02\/WhatsApp-Image-2023-02-02-at-10.29.24-AM-2-300x200.jpeg 300w, https:\/\/alminutonoticia.com\/noticias\/wp-content\/uploads\/2023\/02\/WhatsApp-Image-2023-02-02-at-10.29.24-AM-2-768x512.jpeg 768w, https:\/\/alminutonoticia.com\/noticias\/wp-content\/uploads\/2023\/02\/WhatsApp-Image-2023-02-02-at-10.29.24-AM-2-1536x1024.jpeg 1536w, https:\/\/alminutonoticia.com\/noticias\/wp-content\/uploads\/2023\/02\/WhatsApp-Image-2023-02-02-at-10.29.24-AM-2.jpeg 1599w\" sizes=\"(max-width: 1024px) 100vw, 1024px\" \/><\/a><\/figure>\n\n\n\n<figure class=\"wp-block-image size-large\"><a href=\"https:\/\/alminutonoticia.com\/noticias\/wp-content\/uploads\/2023\/02\/WhatsApp-Image-2023-02-02-at-10.29.24-AM-1.jpeg\"><img decoding=\"async\" width=\"1024\" height=\"683\" src=\"https:\/\/alminutonoticia.com\/noticias\/wp-content\/uploads\/2023\/02\/WhatsApp-Image-2023-02-02-at-10.29.24-AM-1-1024x683.jpeg\" alt=\"\" class=\"wp-image-1026\" title=\"\" srcset=\"https:\/\/alminutonoticia.com\/noticias\/wp-content\/uploads\/2023\/02\/WhatsApp-Image-2023-02-02-at-10.29.24-AM-1-1024x683.jpeg 1024w, https:\/\/alminutonoticia.com\/noticias\/wp-content\/uploads\/2023\/02\/WhatsApp-Image-2023-02-02-at-10.29.24-AM-1-300x200.jpeg 300w, https:\/\/alminutonoticia.com\/noticias\/wp-content\/uploads\/2023\/02\/WhatsApp-Image-2023-02-02-at-10.29.24-AM-1-768x512.jpeg 768w, https:\/\/alminutonoticia.com\/noticias\/wp-content\/uploads\/2023\/02\/WhatsApp-Image-2023-02-02-at-10.29.24-AM-1-1536x1024.jpeg 1536w, https:\/\/alminutonoticia.com\/noticias\/wp-content\/uploads\/2023\/02\/WhatsApp-Image-2023-02-02-at-10.29.24-AM-1.jpeg 1599w\" sizes=\"(max-width: 1024px) 100vw, 1024px\" \/><\/a><\/figure>\n\n\n\n<figure class=\"wp-block-image size-large\"><a href=\"https:\/\/alminutonoticia.com\/noticias\/wp-content\/uploads\/2023\/02\/WhatsApp-Image-2023-02-02-at-10.29.24-AM.jpeg\"><img loading=\"lazy\" decoding=\"async\" width=\"1024\" height=\"683\" src=\"https:\/\/alminutonoticia.com\/noticias\/wp-content\/uploads\/2023\/02\/WhatsApp-Image-2023-02-02-at-10.29.24-AM-1024x683.jpeg\" alt=\"\" class=\"wp-image-1027\" title=\"\" srcset=\"https:\/\/alminutonoticia.com\/noticias\/wp-content\/uploads\/2023\/02\/WhatsApp-Image-2023-02-02-at-10.29.24-AM-1024x683.jpeg 1024w, https:\/\/alminutonoticia.com\/noticias\/wp-content\/uploads\/2023\/02\/WhatsApp-Image-2023-02-02-at-10.29.24-AM-300x200.jpeg 300w, https:\/\/alminutonoticia.com\/noticias\/wp-content\/uploads\/2023\/02\/WhatsApp-Image-2023-02-02-at-10.29.24-AM-768x512.jpeg 768w, https:\/\/alminutonoticia.com\/noticias\/wp-content\/uploads\/2023\/02\/WhatsApp-Image-2023-02-02-at-10.29.24-AM-1536x1024.jpeg 1536w, https:\/\/alminutonoticia.com\/noticias\/wp-content\/uploads\/2023\/02\/WhatsApp-Image-2023-02-02-at-10.29.24-AM.jpeg 1599w\" sizes=\"(max-width: 1024px) 100vw, 1024px\" \/><\/a><\/figure>\n\n\n\n<figure class=\"wp-block-image size-large\"><a href=\"https:\/\/alminutonoticia.com\/noticias\/wp-content\/uploads\/2023\/02\/WhatsApp-Image-2023-02-02-at-10.29.23-AM.jpeg\"><img loading=\"lazy\" decoding=\"async\" width=\"1024\" height=\"683\" src=\"https:\/\/alminutonoticia.com\/noticias\/wp-content\/uploads\/2023\/02\/WhatsApp-Image-2023-02-02-at-10.29.23-AM-1024x683.jpeg\" alt=\"\" class=\"wp-image-1028\" title=\"\" srcset=\"https:\/\/alminutonoticia.com\/noticias\/wp-content\/uploads\/2023\/02\/WhatsApp-Image-2023-02-02-at-10.29.23-AM-1024x683.jpeg 1024w, https:\/\/alminutonoticia.com\/noticias\/wp-content\/uploads\/2023\/02\/WhatsApp-Image-2023-02-02-at-10.29.23-AM-300x200.jpeg 300w, https:\/\/alminutonoticia.com\/noticias\/wp-content\/uploads\/2023\/02\/WhatsApp-Image-2023-02-02-at-10.29.23-AM-768x512.jpeg 768w, https:\/\/alminutonoticia.com\/noticias\/wp-content\/uploads\/2023\/02\/WhatsApp-Image-2023-02-02-at-10.29.23-AM-1536x1024.jpeg 1536w, https:\/\/alminutonoticia.com\/noticias\/wp-content\/uploads\/2023\/02\/WhatsApp-Image-2023-02-02-at-10.29.23-AM.jpeg 1599w\" sizes=\"(max-width: 1024px) 100vw, 1024px\" \/><\/a><\/figure>\n","protected":false},"excerpt":{"rendered":"<p>Con el objetivo de brindarle a los residentes y visitantes de la provincia de Col\u00f3n la atenci\u00f3n que se merecen, este jueves 2 de febrero se realiz\u00f3 la inauguraci\u00f3n del nuevo edificio que fungir\u00e1 como sede de la 3ra. Zona Policial en la provincia de Col\u00f3n. Se trata de un moderno edificio que cuenta con [&hellip;]<\/p>\n","protected":false},"author":3,"featured_media":1025,"comment_status":"open","ping_status":"open","sticky":false,"template":"","format":"standard","meta":{"footnotes":""},"categories":[36],"tags":[],"class_list":["post-1023","post","type-post","status-publish","format-standard","has-post-thumbnail","hentry","category-nacionales"],"_links":{"self":[{"href":"https:\/\/alminutonoticia.com\/noticias\/wp-json\/wp\/v2\/posts\/1023","targetHints":{"allow":["GET"]}}],"collection":[{"href":"https:\/\/alminutonoticia.com\/noticias\/wp-json\/wp\/v2\/posts"}],"about":[{"href":"https:\/\/alminutonoticia.com\/noticias\/wp-json\/wp\/v2\/types\/post"}],"author":[{"embeddable":true,"href":"https:\/\/alminutonoticia.com\/noticias\/wp-json\/wp\/v2\/users\/3"}],"replies":[{"embeddable":true,"href":"https:\/\/alminutonoticia.com\/noticias\/wp-json\/wp\/v2\/comments?post=1023"}],"version-history":[{"count":2,"href":"https:\/\/alminutonoticia.com\/noticias\/wp-json\/wp\/v2\/posts\/1023\/revisions"}],"predecessor-version":[{"id":1038,"href":"https:\/\/alminutonoticia.com\/noticias\/wp-json\/wp\/v2\/posts\/1023\/revisions\/1038"}],"wp:featuredmedia":[{"embeddable":true,"href":"https:\/\/alminutonoticia.com\/noticias\/wp-json\/wp\/v2\/media\/1025"}],"wp:attachment":[{"href":"https:\/\/alminutonoticia.com\/noticias\/wp-json\/wp\/v2\/media?parent=1023"}],"wp:term":[{"taxonomy":"category","embeddable":true,"href":"https:\/\/alminutonoticia.com\/noticias\/wp-json\/wp\/v2\/categories?post=1023"},{"taxonomy":"post_tag","embeddable":true,"href":"https:\/\/alminutonoticia.com\/noticias\/wp-json\/wp\/v2\/tags?post=1023"}],"curies":[{"name":"wp","href":"https:\/\/api.w.org\/{rel}","templated":true}]}}