{"id":10226,"date":"2024-04-15T09:56:06","date_gmt":"2024-04-15T09:56:06","guid":{"rendered":"https:\/\/alminutonoticia.com\/noticias\/?p=10226"},"modified":"2024-04-15T09:56:08","modified_gmt":"2024-04-15T09:56:08","slug":"arrocha-invita-a-trabajar-para-erradicar-injusticias-y-construir-sociedad-mas-equitativa","status":"publish","type":"post","link":"https:\/\/alminutonoticia.com\/noticias\/arrocha-invita-a-trabajar-para-erradicar-injusticias-y-construir-sociedad-mas-equitativa\/","title":{"rendered":"Arrocha invita a trabajar para erradicar injusticias y construir sociedad m\u00e1s equitativa"},"content":{"rendered":"\n<p>El candidato a presidente independiente Meliton Arrocha extendi\u00f3 una invitaci\u00f3n a la poblaci\u00f3n de unirse en esfuerzos para erradicar las injusticias y forjar un futuro m\u00e1s equitativo y solidario para Panam\u00e1. Inspir\u00e1ndose en la enc\u00edclica Fratelli Tutti del Papa Francisco durante el Foro \u201cYo Decido\u201d, Arrocha enfatiz\u00f3 la importancia de la fraternidad y la solidaridad en la construcci\u00f3n de una sociedad justa e inclusiva, y se comprometi\u00f3 a fomentar un gobierno que priorice la comunicaci\u00f3n, la inclusi\u00f3n y la b\u00fasqueda del bien com\u00fan.<\/p>\n\n\n\n<p>Para Arrocha, es necesario superar las divisiones y trabajar juntos para enfrentar las injusticias sociales y econ\u00f3micas que afectan al pa\u00eds. El candidato ha hecho hincapi\u00e9 en m\u00e1s de una oportunidad en que trabajar\u00e1 por un gobierno de unidad junto a todos los sectores de la sociedad tanto de sector p\u00fablico como privado, para encontrar soluciones en conjunto para el progreso de Panam\u00e1.<\/p>\n\n\n\n<p>&nbsp;\u201cLa pobreza, la discriminaci\u00f3n, la explotaci\u00f3n y la violencia son realidades que no podemos ignorar y que exigen una respuesta urgente y decidida por parte de todos nosotros\u201d, remarc\u00f3 el candidato independiente, quien explic\u00f3: \u201cEsto implica adoptar pol\u00edticas p\u00fablicas que promuevan la justicia social, la igualdad de oportunidades y el respeto de los derechos humanos de todos los individuos, especialmente los m\u00e1s vulnerables y marginados\u201d.<\/p>\n\n\n\n<p>En respuesta a preguntas sobre c\u00f3mo mejorar el acceso a la informaci\u00f3n y combatir la corrupci\u00f3n, Arrocha propuso continuar y ampliar las iniciativas de gobiernos anteriores hacia un gobierno de datos abiertos y aplicar la ley de descentralizaci\u00f3n para una gesti\u00f3n m\u00e1s transparente y participativa. \u201cEn Panam\u00e1 los funcionarios p\u00fablicos que manejan recursos deben presentar una declaraci\u00f3n de Estado patrimonial y de conflicto de intereses. Sin embargo, no hay ninguna instituci\u00f3n que le haga seguimiento a qui\u00e9n la present\u00f3 y a qui\u00e9n no, o si realmente coincide lo declarado con su forma de vivir\u201d, detall\u00f3 el candidato, que asegur\u00f3 que eso cambiar\u00e1 en su gesti\u00f3n, ya que implementar\u00e1 un sistema de auditor\u00eda aleatoria.<\/p>\n\n\n\n<p>\u201cHoy hago un llamado al pa\u00eds para que luego de los resultados de las elecciones del pr\u00f3ximo 5 de mayo nos unamos en este noble prop\u00f3sito y trabajemos juntos con coraje, determinaci\u00f3n y esperanza en la construcci\u00f3n de un futuro mejor para Panam\u00e1 y para todos los paname\u00f1os\u201d, resalt\u00f3 el candidato independiente Arrocha.<\/p>\n\n\n\n<figure class=\"wp-block-image size-full\"><a href=\"https:\/\/alminutonoticia.com\/noticias\/wp-content\/uploads\/2024\/04\/images-11.jpg\"><img fetchpriority=\"high\" decoding=\"async\" width=\"301\" height=\"167\" src=\"https:\/\/alminutonoticia.com\/noticias\/wp-content\/uploads\/2024\/04\/images-11.jpg\" alt=\"\" class=\"wp-image-10227\" title=\"\"><\/a><\/figure>\n","protected":false},"excerpt":{"rendered":"<p>El candidato a presidente independiente Meliton Arrocha extendi\u00f3 una invitaci\u00f3n a la poblaci\u00f3n de unirse en esfuerzos para erradicar las injusticias y forjar un futuro m\u00e1s equitativo y solidario para Panam\u00e1. Inspir\u00e1ndose en la enc\u00edclica Fratelli Tutti del Papa Francisco durante el Foro \u201cYo Decido\u201d, Arrocha enfatiz\u00f3 la importancia de la fraternidad y la solidaridad [&hellip;]<\/p>\n","protected":false},"author":3,"featured_media":10227,"comment_status":"open","ping_status":"open","sticky":false,"template":"","format":"standard","meta":{"footnotes":""},"categories":[36,37],"tags":[],"class_list":["post-10226","post","type-post","status-publish","format-standard","has-post-thumbnail","hentry","category-nacionales","category-politica"],"_links":{"self":[{"href":"https:\/\/alminutonoticia.com\/noticias\/wp-json\/wp\/v2\/posts\/10226","targetHints":{"allow":["GET"]}}],"collection":[{"href":"https:\/\/alminutonoticia.com\/noticias\/wp-json\/wp\/v2\/posts"}],"about":[{"href":"https:\/\/alminutonoticia.com\/noticias\/wp-json\/wp\/v2\/types\/post"}],"author":[{"embeddable":true,"href":"https:\/\/alminutonoticia.com\/noticias\/wp-json\/wp\/v2\/users\/3"}],"replies":[{"embeddable":true,"href":"https:\/\/alminutonoticia.com\/noticias\/wp-json\/wp\/v2\/comments?post=10226"}],"version-history":[{"count":1,"href":"https:\/\/alminutonoticia.com\/noticias\/wp-json\/wp\/v2\/posts\/10226\/revisions"}],"predecessor-version":[{"id":10228,"href":"https:\/\/alminutonoticia.com\/noticias\/wp-json\/wp\/v2\/posts\/10226\/revisions\/10228"}],"wp:featuredmedia":[{"embeddable":true,"href":"https:\/\/alminutonoticia.com\/noticias\/wp-json\/wp\/v2\/media\/10227"}],"wp:attachment":[{"href":"https:\/\/alminutonoticia.com\/noticias\/wp-json\/wp\/v2\/media?parent=10226"}],"wp:term":[{"taxonomy":"category","embeddable":true,"href":"https:\/\/alminutonoticia.com\/noticias\/wp-json\/wp\/v2\/categories?post=10226"},{"taxonomy":"post_tag","embeddable":true,"href":"https:\/\/alminutonoticia.com\/noticias\/wp-json\/wp\/v2\/tags?post=10226"}],"curies":[{"name":"wp","href":"https:\/\/api.w.org\/{rel}","templated":true}]}}