{"id":10219,"date":"2024-04-15T09:51:57","date_gmt":"2024-04-15T09:51:57","guid":{"rendered":"https:\/\/alminutonoticia.com\/noticias\/?p=10219"},"modified":"2024-04-15T09:51:59","modified_gmt":"2024-04-15T09:51:59","slug":"martin-torrijos-luchara-por-el-bienestar-comun-de-los-panamenos","status":"publish","type":"post","link":"https:\/\/alminutonoticia.com\/noticias\/martin-torrijos-luchara-por-el-bienestar-comun-de-los-panamenos\/","title":{"rendered":"Mart\u00edn Torrijos luchar\u00e1 por el bienestar com\u00fan de los paname\u00f1os"},"content":{"rendered":"\n<p>El candidato presidencial por el Partido Popular (PP), Mart\u00edn Torrijos Espino, coincidi\u00f3 con el cardenal hondure\u00f1o \u00d3scar Rodr\u00edguez Maradiaga en que la verdad, la justicia, la libertad y el amor son fundamentales en la reconstrucci\u00f3n de un pa\u00eds y de la democracia.<\/p>\n\n\n\n<p>\u201cNo podemos ser el pa\u00eds de las grandes cifras y de mayor crecimiento per c\u00e1pita, pero con una gran desigualdad. A pocos metros de los rascacielos hay gente que no tiene servicios b\u00e1sicos y hay paname\u00f1os que se acuestan con hambre, adem\u00e1s, han perdido la esperanza de que su familia y su vida pueden mejorar\u201d, asegur\u00f3 el exmandatario.<\/p>\n\n\n\n<p>Torrijos Espino fue enf\u00e1tico al indicar que en estas elecciones la desigualdad est\u00e1 en juego, por tanto, debemos tener la capacidad de definir el futuro y \u201chacerlo con desprendimiento, se\u00f1alando nuevas rutas para entendernos, lograr un desarrollo que sea sostenible y que le llegue a la mayor cantidad de paname\u00f1os que han sido excluidos del progreso.\u201d<\/p>\n\n\n\n<p>El exgobernante reiter\u00f3 que los paname\u00f1os requieren de sistemas b\u00e1sicos donde funcione la educaci\u00f3n, pero que al mismo tiempo les garantice la oportunidad de ganarse la vida con su esfuerzo y mejorar el sistema de salud, hay que los dos que existen no funcionan.<\/p>\n\n\n\n<p>Los se\u00f1alamientos del candidato presidencial se dieron en el marco del foro \u201cYo Decido con Candidatos Presidenciales\u201d organizado por la Comisi\u00f3n de Justicia y Paz, donde particip\u00f3 Rodr\u00edguez Maradiaga quien manifest\u00f3 que los gobiernos tienen que ser m\u00e1s universales y menos excluyentes tras se\u00f1alar que la pol\u00edtica \u201cno puede ser pirater\u00eda; Panam\u00e1 sufri\u00f3 por los piratas y Am\u00e9rica Latina sigue sufriendo por los piratas, que miran al Estado como un bot\u00edn del cual quieren adue\u00f1arse lo m\u00e1s r\u00e1pido posible\u201d.<\/p>\n\n\n\n<p>Rodr\u00edguez Maradiaga, sentenci\u00f3: \u201cse est\u00e1 creando un mundo donde la codicia deja a las mayor\u00edas al margen de la historia con sociedades que viven un proceso tecnol\u00f3gico con posibilidades nunca vista, pero, que fabrican y reproducen exclusi\u00f3n y pobreza\u201d.<\/p>\n\n\n\n<p>La democracia y la pol\u00edtica -seg\u00fan el cardenal de Honduras- est\u00e1n en crisis, ya que muchos llegan a puestos p\u00fablicos a robar y no se puede \u201ccrear una sociedad justa en una sociedad de ladrones; los que se enriquecen a base de los recursos del Estado les est\u00e1n quitando a unos y enriqueciendo a otros\u201d.<\/p>\n\n\n\n<p>El l\u00edder pol\u00edtico subray\u00f3 que \u201cconstruiremos ese bien com\u00fan, porque no hay pol\u00edtica sin bien com\u00fan; no hay pol\u00edtica que promueva y no combata la corrupci\u00f3n que nos est\u00e1 afectando en este pa\u00eds.\u201d<\/p>\n\n\n\n<p>Insisti\u00f3 en recalcar su compromiso de reconstruir el pa\u00eds mediante la recuperaci\u00f3n de la confianza y con una buena administraci\u00f3n de las finanzas p\u00fablicas, generando empleos, resolviendo los problemas de educaci\u00f3n e impulsando el turismo, el agroturismo y el sector log\u00edstico, adem\u00e1s, de potenciar la Autoridad del Canal de Panam\u00e1 (ACP).<\/p>\n\n\n\n<figure class=\"wp-block-image size-full\"><a href=\"https:\/\/alminutonoticia.com\/noticias\/wp-content\/uploads\/2024\/04\/WhatsApp-Image-2024-04-11-at-5.13.10-PM-2-1024x657-1.jpeg\"><img fetchpriority=\"high\" decoding=\"async\" width=\"1024\" height=\"657\" src=\"https:\/\/alminutonoticia.com\/noticias\/wp-content\/uploads\/2024\/04\/WhatsApp-Image-2024-04-11-at-5.13.10-PM-2-1024x657-1.jpeg\" alt=\"\" class=\"wp-image-10220\" title=\"\" srcset=\"https:\/\/alminutonoticia.com\/noticias\/wp-content\/uploads\/2024\/04\/WhatsApp-Image-2024-04-11-at-5.13.10-PM-2-1024x657-1.jpeg 1024w, https:\/\/alminutonoticia.com\/noticias\/wp-content\/uploads\/2024\/04\/WhatsApp-Image-2024-04-11-at-5.13.10-PM-2-1024x657-1-300x192.jpeg 300w, https:\/\/alminutonoticia.com\/noticias\/wp-content\/uploads\/2024\/04\/WhatsApp-Image-2024-04-11-at-5.13.10-PM-2-1024x657-1-768x493.jpeg 768w\" sizes=\"(max-width: 1024px) 100vw, 1024px\" \/><\/a><\/figure>\n","protected":false},"excerpt":{"rendered":"<p>El candidato presidencial por el Partido Popular (PP), Mart\u00edn Torrijos Espino, coincidi\u00f3 con el cardenal hondure\u00f1o \u00d3scar Rodr\u00edguez Maradiaga en que la verdad, la justicia, la libertad y el amor son fundamentales en la reconstrucci\u00f3n de un pa\u00eds y de la democracia. \u201cNo podemos ser el pa\u00eds de las grandes cifras y de mayor crecimiento [&hellip;]<\/p>\n","protected":false},"author":3,"featured_media":10220,"comment_status":"open","ping_status":"open","sticky":false,"template":"","format":"standard","meta":{"footnotes":""},"categories":[36,37],"tags":[],"class_list":["post-10219","post","type-post","status-publish","format-standard","has-post-thumbnail","hentry","category-nacionales","category-politica"],"_links":{"self":[{"href":"https:\/\/alminutonoticia.com\/noticias\/wp-json\/wp\/v2\/posts\/10219","targetHints":{"allow":["GET"]}}],"collection":[{"href":"https:\/\/alminutonoticia.com\/noticias\/wp-json\/wp\/v2\/posts"}],"about":[{"href":"https:\/\/alminutonoticia.com\/noticias\/wp-json\/wp\/v2\/types\/post"}],"author":[{"embeddable":true,"href":"https:\/\/alminutonoticia.com\/noticias\/wp-json\/wp\/v2\/users\/3"}],"replies":[{"embeddable":true,"href":"https:\/\/alminutonoticia.com\/noticias\/wp-json\/wp\/v2\/comments?post=10219"}],"version-history":[{"count":1,"href":"https:\/\/alminutonoticia.com\/noticias\/wp-json\/wp\/v2\/posts\/10219\/revisions"}],"predecessor-version":[{"id":10221,"href":"https:\/\/alminutonoticia.com\/noticias\/wp-json\/wp\/v2\/posts\/10219\/revisions\/10221"}],"wp:featuredmedia":[{"embeddable":true,"href":"https:\/\/alminutonoticia.com\/noticias\/wp-json\/wp\/v2\/media\/10220"}],"wp:attachment":[{"href":"https:\/\/alminutonoticia.com\/noticias\/wp-json\/wp\/v2\/media?parent=10219"}],"wp:term":[{"taxonomy":"category","embeddable":true,"href":"https:\/\/alminutonoticia.com\/noticias\/wp-json\/wp\/v2\/categories?post=10219"},{"taxonomy":"post_tag","embeddable":true,"href":"https:\/\/alminutonoticia.com\/noticias\/wp-json\/wp\/v2\/tags?post=10219"}],"curies":[{"name":"wp","href":"https:\/\/api.w.org\/{rel}","templated":true}]}}