{"id":10216,"date":"2024-04-15T09:49:04","date_gmt":"2024-04-15T09:49:04","guid":{"rendered":"https:\/\/alminutonoticia.com\/noticias\/?p=10216"},"modified":"2024-04-15T09:49:06","modified_gmt":"2024-04-15T09:49:06","slug":"asep-autorizada-para-establecer-precio-que-deben-pagar-concesionarias-de-telefonia-celular","status":"publish","type":"post","link":"https:\/\/alminutonoticia.com\/noticias\/asep-autorizada-para-establecer-precio-que-deben-pagar-concesionarias-de-telefonia-celular\/","title":{"rendered":"ASEP autorizada para establecer precio que deben pagar concesionarias de telefon\u00eda celular"},"content":{"rendered":"\n<p>El Consejo de Gabinete, presidido por el presidente de la Rep\u00fablica, Laurentino Cortizo Cohen, autoriz\u00f3 a la Autoridad Nacional de Servicios P\u00fablicos (ASEP) a establecer el precio que deben pagar las concesionarias de telefon\u00eda celular por el derecho de uso de las bandas bajas y bandas medias, en el evento de que se acojan al derecho consignado en la Cl\u00e1usula 55 de sus contratos de concesi\u00f3n.<\/p>\n\n\n\n<p>De acuerdo con la resoluci\u00f3n del Consejo de Ministros, la ASEP queda autorizada a establecer las sumas de B\/.1,462,997.00 por MHz y B\/.1,214,287.00 por MHz, que deben pagar las concesionarias de telefon\u00eda m\u00f3vil por el derecho de uso de las bandas bajas (700 MHz) y bandas medias (1427 a 1518 MHz), en caso de que se acojan a la Cl\u00e1usula 55 de sus contratos de concesi\u00f3n.<\/p>\n\n\n\n<p>La resoluci\u00f3n autoriza al Ministerio de Gobierno, facultado por Constituci\u00f3n para este tipo de regulaciones, previa autorizaci\u00f3n del Consejo de Gabinete, para que suscriba las respectivas adendas con las concesionarias, utilizando el precio previamente establecido en la resoluci\u00f3n.<\/p>\n\n\n\n<p>De conformidad con la Cl\u00e1usula 55 de los citados contratos de concesi\u00f3n, las concesionarias de telefon\u00eda celular tienen el derecho de obtener la asignaci\u00f3n de espectro radioel\u00e9ctrico adicional, dentro de las bandas concedidas en el Plan Nacional de Atribuci\u00f3n de Frecuencias (PNAF), para los Contratos de Concesi\u00f3n 106 y 107, celebrados con el Estado a trav\u00e9s del Ministerio de Gobierno.<\/p>\n\n\n\n<p>La resoluci\u00f3n permite la disponibilidad de estas bandas para uso de los operadores en condiciones y cantidades necesarias para potenciar el despliegue de la nueva generaci\u00f3n de servicios m\u00f3viles con la llegada de la quinta generaci\u00f3n (5G) de las tecnolog\u00edas m\u00f3viles. Adem\u00e1s, la industria de telefon\u00eda m\u00f3vil prev\u00e9 un aumento de entre 10 y 100 veces en el tr\u00e1fico de sus redes para la d\u00e9cada 2020-2030, as\u00ed como un incremento del n\u00famero de dispositivos y servicios, los cuales demandan de una mayor asequibilidad y una mejor experiencia de usuario.<\/p>\n\n\n\n<figure class=\"wp-block-image size-full\"><a href=\"https:\/\/alminutonoticia.com\/noticias\/wp-content\/uploads\/2024\/04\/WhatsApp-Image-2024-04-11-at-6.49.15-PM-1-1024x682-1.jpeg\"><img fetchpriority=\"high\" decoding=\"async\" width=\"1024\" height=\"682\" src=\"https:\/\/alminutonoticia.com\/noticias\/wp-content\/uploads\/2024\/04\/WhatsApp-Image-2024-04-11-at-6.49.15-PM-1-1024x682-1.jpeg\" alt=\"\" class=\"wp-image-10217\" title=\"\" srcset=\"https:\/\/alminutonoticia.com\/noticias\/wp-content\/uploads\/2024\/04\/WhatsApp-Image-2024-04-11-at-6.49.15-PM-1-1024x682-1.jpeg 1024w, https:\/\/alminutonoticia.com\/noticias\/wp-content\/uploads\/2024\/04\/WhatsApp-Image-2024-04-11-at-6.49.15-PM-1-1024x682-1-300x200.jpeg 300w, https:\/\/alminutonoticia.com\/noticias\/wp-content\/uploads\/2024\/04\/WhatsApp-Image-2024-04-11-at-6.49.15-PM-1-1024x682-1-768x512.jpeg 768w\" sizes=\"(max-width: 1024px) 100vw, 1024px\" \/><\/a><\/figure>\n","protected":false},"excerpt":{"rendered":"<p>El Consejo de Gabinete, presidido por el presidente de la Rep\u00fablica, Laurentino Cortizo Cohen, autoriz\u00f3 a la Autoridad Nacional de Servicios P\u00fablicos (ASEP) a establecer el precio que deben pagar las concesionarias de telefon\u00eda celular por el derecho de uso de las bandas bajas y bandas medias, en el evento de que se acojan al [&hellip;]<\/p>\n","protected":false},"author":3,"featured_media":10217,"comment_status":"open","ping_status":"open","sticky":false,"template":"","format":"standard","meta":{"footnotes":""},"categories":[36],"tags":[],"class_list":["post-10216","post","type-post","status-publish","format-standard","has-post-thumbnail","hentry","category-nacionales"],"_links":{"self":[{"href":"https:\/\/alminutonoticia.com\/noticias\/wp-json\/wp\/v2\/posts\/10216","targetHints":{"allow":["GET"]}}],"collection":[{"href":"https:\/\/alminutonoticia.com\/noticias\/wp-json\/wp\/v2\/posts"}],"about":[{"href":"https:\/\/alminutonoticia.com\/noticias\/wp-json\/wp\/v2\/types\/post"}],"author":[{"embeddable":true,"href":"https:\/\/alminutonoticia.com\/noticias\/wp-json\/wp\/v2\/users\/3"}],"replies":[{"embeddable":true,"href":"https:\/\/alminutonoticia.com\/noticias\/wp-json\/wp\/v2\/comments?post=10216"}],"version-history":[{"count":1,"href":"https:\/\/alminutonoticia.com\/noticias\/wp-json\/wp\/v2\/posts\/10216\/revisions"}],"predecessor-version":[{"id":10218,"href":"https:\/\/alminutonoticia.com\/noticias\/wp-json\/wp\/v2\/posts\/10216\/revisions\/10218"}],"wp:featuredmedia":[{"embeddable":true,"href":"https:\/\/alminutonoticia.com\/noticias\/wp-json\/wp\/v2\/media\/10217"}],"wp:attachment":[{"href":"https:\/\/alminutonoticia.com\/noticias\/wp-json\/wp\/v2\/media?parent=10216"}],"wp:term":[{"taxonomy":"category","embeddable":true,"href":"https:\/\/alminutonoticia.com\/noticias\/wp-json\/wp\/v2\/categories?post=10216"},{"taxonomy":"post_tag","embeddable":true,"href":"https:\/\/alminutonoticia.com\/noticias\/wp-json\/wp\/v2\/tags?post=10216"}],"curies":[{"name":"wp","href":"https:\/\/api.w.org\/{rel}","templated":true}]}}