{"id":10205,"date":"2024-04-15T09:31:11","date_gmt":"2024-04-15T09:31:11","guid":{"rendered":"https:\/\/alminutonoticia.com\/noticias\/?p=10205"},"modified":"2024-04-15T09:31:15","modified_gmt":"2024-04-15T09:31:15","slug":"contralor-solis-justifica-los-auxilios-economicos-entregados-levanten-la-cara-y-sientanse-orgullosos","status":"publish","type":"post","link":"https:\/\/alminutonoticia.com\/noticias\/contralor-solis-justifica-los-auxilios-economicos-entregados-levanten-la-cara-y-sientanse-orgullosos\/","title":{"rendered":"Contralor Sol\u00eds justifica los auxilios econ\u00f3micos entregados\u2026 \u2018Levanten la cara y si\u00e9ntanse orgullosos\u2019"},"content":{"rendered":"\n<p>El contralor de la Rep\u00fablica, Gerardo Sol\u00eds, da la cara y en el noticiario de Telemetro habl\u00f3 de los auxilios econ\u00f3micos, beneficio que ha provocado indignaci\u00f3n en gran parte de la sociedad paname\u00f1a, ya que hay casos que son entregados a familiares de altos funcionarios del gobierno y personas adineradas.<\/p>\n\n\n\n<p>Sol\u00eds asegur\u00f3 que har\u00e1 una auditor\u00eda de los auxilios econ\u00f3micos que han producido esc\u00e1ndalos \u00faltimamente. \u00abEl Ifahru durante este gobierno ha beneficiado mediante auxilios econ\u00f3micos a 9 mil 906 paname\u00f1os y no he contado en las redes m\u00e1s de 50 personas que han sido esc\u00e1ndalo\u00bb, detall\u00f3.<\/p>\n\n\n\n<p>Aprovech\u00f3 para decirles a los beneficiarios de ese programa que levanten la cara, \u00abmiren al sol de frente. Si\u00e9ntanse orgullosos, ustedes forman parte de una \u00e9lite privilegiada que va a la universidad, solo el 8% de la poblaci\u00f3n en Panam\u00e1 tiene estudios universitarios completos\u00bb.<\/p>\n\n\n\n<p>A\u00f1adi\u00f3: \u201cNadie sienta verg\u00fcenza porque los discriminen por su condici\u00f3n social o pol\u00edtica, yo no discrimino a nadie, ning\u00fan estudiante beneficiario debe ser discriminado por qui\u00e9n es su pap\u00e1, t\u00edo, el que va al Ifarhu vaya con la frente en alto. Y el auxilio econ\u00f3mico es para que pueda costearse la vida mientras estudia, adem\u00e1s de los estudios\u00bb.<\/p>\n\n\n\n<p>Dej\u00f3 claro en la entrevista televisiva que la responsabilidad de otorgar ese beneficio no es de la Contralor\u00eda, sino de un comit\u00e9 que eval\u00faa a los aspirantes.<\/p>\n\n\n\n<p>\u00bfPor qu\u00e9 ocultan varios beneficiarios?,&nbsp;\u00abLa maledicencia y la miseria humana es tal que invita a algunas personas a justificar los medidos con los que quieran lograr un fin y no est\u00e1 bien. Ojal\u00e1 no se hubiera sabido los 2 mil y pico de nombres que se supieron, porque a lo mejor Delfia Cortez estuviera viva hoy. Me doli\u00f3 y me dio rabia verla morir en frente de su nieto porque su hijo, que ten\u00eda los m\u00e9ritos y admitido en una universidad, quer\u00eda superarse y fue vilipendiado. Levanten la cara los que recibieron auxilios\u00bb.<\/p>\n\n\n\n<p>En tanto, manifest\u00f3 que la decisi\u00f3n de no publicar la informaci\u00f3n de algunos beneficiarios es de \u00e9l. \u00abLa asumo y est\u00e1 sustentada en tres fallos de la Corte Suprema Justicia de que es informaci\u00f3n de car\u00e1cter confidencial. Confidencial es cualquier dato que, por su naturaleza, puede perjudicar a la persona\u00bb.<\/p>\n\n\n\n<p>Por lo tanto, mientras est\u00e9 al mando de la Contralor\u00eda seguir\u00e1n en secreto. Decisi\u00f3n que tom\u00f3 luego de que en mayo de 2023 se dio cuenta de que la informaci\u00f3n de la entidad estaba siendo utilizada con fines pol\u00edticos \u00aby no voy a permitir eso, estamos al margen de la pol\u00edtica partidista\u00bb, afirm\u00f3.<\/p>\n\n\n\n<p>Se le pregunt\u00f3, por qu\u00e9 el&nbsp; hijo de un ministro debe recibir auxilio econ\u00f3mico. Este se qued\u00f3 en silencio por un rato, y luego revel\u00f3 que \u00e9l es un ejemplo de eso, ya que hace unos 40 a\u00f1os recibi\u00f3 auxilio econ\u00f3mico, beca y pr\u00e9stamo. El auxilio econ\u00f3mico puede ser el equivalente a unos 100 mil d\u00f3lares en la actualidad.<\/p>\n\n\n\n<p>Afirm\u00f3 que pag\u00f3 hasta el \u00faltimo centavo que le prest\u00f3 el Ifarhu.\u00a0<\/p>\n\n\n\n<figure class=\"wp-block-image size-full\"><a href=\"https:\/\/alminutonoticia.com\/noticias\/wp-content\/uploads\/2024\/04\/soli.jpg\"><img fetchpriority=\"high\" decoding=\"async\" width=\"770\" height=\"470\" src=\"https:\/\/alminutonoticia.com\/noticias\/wp-content\/uploads\/2024\/04\/soli.jpg\" alt=\"\" class=\"wp-image-10206\" title=\"\" srcset=\"https:\/\/alminutonoticia.com\/noticias\/wp-content\/uploads\/2024\/04\/soli.jpg 770w, https:\/\/alminutonoticia.com\/noticias\/wp-content\/uploads\/2024\/04\/soli-300x183.jpg 300w, https:\/\/alminutonoticia.com\/noticias\/wp-content\/uploads\/2024\/04\/soli-768x469.jpg 768w\" sizes=\"(max-width: 770px) 100vw, 770px\" \/><\/a><\/figure>\n","protected":false},"excerpt":{"rendered":"<p>El contralor de la Rep\u00fablica, Gerardo Sol\u00eds, da la cara y en el noticiario de Telemetro habl\u00f3 de los auxilios econ\u00f3micos, beneficio que ha provocado indignaci\u00f3n en gran parte de la sociedad paname\u00f1a, ya que hay casos que son entregados a familiares de altos funcionarios del gobierno y personas adineradas. Sol\u00eds asegur\u00f3 que har\u00e1 una [&hellip;]<\/p>\n","protected":false},"author":3,"featured_media":10206,"comment_status":"open","ping_status":"open","sticky":false,"template":"","format":"standard","meta":{"footnotes":""},"categories":[36],"tags":[],"class_list":["post-10205","post","type-post","status-publish","format-standard","has-post-thumbnail","hentry","category-nacionales"],"_links":{"self":[{"href":"https:\/\/alminutonoticia.com\/noticias\/wp-json\/wp\/v2\/posts\/10205","targetHints":{"allow":["GET"]}}],"collection":[{"href":"https:\/\/alminutonoticia.com\/noticias\/wp-json\/wp\/v2\/posts"}],"about":[{"href":"https:\/\/alminutonoticia.com\/noticias\/wp-json\/wp\/v2\/types\/post"}],"author":[{"embeddable":true,"href":"https:\/\/alminutonoticia.com\/noticias\/wp-json\/wp\/v2\/users\/3"}],"replies":[{"embeddable":true,"href":"https:\/\/alminutonoticia.com\/noticias\/wp-json\/wp\/v2\/comments?post=10205"}],"version-history":[{"count":1,"href":"https:\/\/alminutonoticia.com\/noticias\/wp-json\/wp\/v2\/posts\/10205\/revisions"}],"predecessor-version":[{"id":10207,"href":"https:\/\/alminutonoticia.com\/noticias\/wp-json\/wp\/v2\/posts\/10205\/revisions\/10207"}],"wp:featuredmedia":[{"embeddable":true,"href":"https:\/\/alminutonoticia.com\/noticias\/wp-json\/wp\/v2\/media\/10206"}],"wp:attachment":[{"href":"https:\/\/alminutonoticia.com\/noticias\/wp-json\/wp\/v2\/media?parent=10205"}],"wp:term":[{"taxonomy":"category","embeddable":true,"href":"https:\/\/alminutonoticia.com\/noticias\/wp-json\/wp\/v2\/categories?post=10205"},{"taxonomy":"post_tag","embeddable":true,"href":"https:\/\/alminutonoticia.com\/noticias\/wp-json\/wp\/v2\/tags?post=10205"}],"curies":[{"name":"wp","href":"https:\/\/api.w.org\/{rel}","templated":true}]}}